{"id":11107,"date":"2020-10-27T11:13:31","date_gmt":"2020-10-27T11:13:31","guid":{"rendered":"https:\/\/revista-apunts.com\/?p=11107"},"modified":"2021-01-04T23:48:58","modified_gmt":"2021-01-04T23:48:58","slug":"educacio-per-a-la-salut-a-lescola-aspectes-a-avaluar-des-de-leducacio-fisica","status":"publish","type":"post","link":"https:\/\/revista-apunts.com\/ca\/educacio-per-a-la-salut-a-lescola-aspectes-a-avaluar-des-de-leducacio-fisica\/","title":{"rendered":"Educaci\u00f3 per a la salut a l&#8217;escola. Aspectes a avaluar des de l&#8217;educaci\u00f3 f\u00edsica"},"content":{"rendered":"\n<h2 class=\"wp-block-heading\">Resum<\/h2>\n\n\n<div align=\"\">\n<p class=\"journal-abstract\">La salut \u00e9s un tema que, cada cop m\u00e9s, preocupa la nostra societat. Controls m\u00e8dics, centres de salut, dietes, complexos vitam\u00ednics i altres f\u00e0rmacs revitalitzadors, medicina natural i altres alternatives m\u00e8diques o pseudom\u00e8diques, massatges, saunes, activitat f\u00edsica, etc. s\u00f3n pr\u00e0ctiques que actualment estan molt de moda. Per\u00f2 tenir cura de la salut i preocuparse&#8217;n no vol dir nom\u00e9s &#8220;consumir&#8221; totes aquestes activitats que se&#8217;ns ofereixen, sin\u00f3 que consisteix a adoptar un estil de vida concret i uns h\u00e0bits de comportament sans. L&#8217;educaci\u00f3 per a la salut a l&#8217;escola t\u00e9 com un dels seus principals objectius ajudar que l&#8217;alumne adquireixi tota aquesta s\u00e8rie d&#8217;h\u00e0bits de salut. L&#8217;escola constitueix un pilar b\u00e0sic en la societat per a aquest tipus de formaci\u00f3, sobretot si els temes es tracten interdisciplin\u00e0riament i des de diverses \u00e0rees del coneixement. D&#8217;entre totes elles, l&#8217;\u00e0rea d&#8217;Educaci\u00f3 F\u00edsica, que \u00e9s la que ara ens ocupa, resulta un marc molt adient des d&#8217;on promocionar i educar la salut. Si entenem l&#8217;educaci\u00f3 per a la salut com un proc\u00e9s did\u00e0ctic m\u00e9s, haurem de considerar la possibilitat que sigui avaluable per tal de determinar si s&#8217;ha dut a terme amb \u00e8xit o no, per buscar-ne els motius i per poder reconduir-lo. L&#8217; avaluaci\u00f3 de qualsevol proc\u00e9s s&#8217; inicia amb la definici\u00f3 dels objectius que es pretenen assolir, i establint quins seran els components del proc\u00e9s que s&#8217;hauran d&#8217;avaluar. En aquest article s&#8217;ha definit quins s\u00f3n els objectius de l&#8217;educaci\u00f3 per a la salut des de \u00e0rea d&#8217;Educaci\u00f3 F\u00edsica, a partir dels objectius que publiquen els darrers documents sobre la Reforma del Sistema Educatiu (UAB, INDE, 1992). I sota aquesta perspectiva s&#8217;ha establert una relaci\u00f3 d&#8217;aspectes a avaluar en cada un dels components del proc\u00e9s did\u00e0ctic: el programa, les condicions d&#8217; aplicaci\u00f3 del programa, el professor i l&#8217;alumne.<\/p>\n<\/div>\n\n <div class=\"tags\"> <p><strong>Paraules clau:<\/strong> <span>avaluaci\u00f3<\/span>, <span>educaci\u00f3 f\u00edsica<\/span>, <span>salut<\/span><\/p> <\/div> \n\n\n\n<p><\/p>\n","protected":false},"excerpt":{"rendered":"<p>Resum La salut \u00e9s un tema que, cada cop m\u00e9s, preocupa la nostra societat. Controls m\u00e8dics, centres de salut, dietes, complexos vitam\u00ednics i altres f\u00e0rmacs revitalitzadors, medicina natural i altres alternatives m\u00e8diques o pseudom\u00e8diques, massatges, saunes, activitat f\u00edsica, etc. s\u00f3n pr\u00e0ctiques que actualment estan molt de moda. Per\u00f2 tenir cura de la salut i preocuparse&#8217;n [&hellip;]<\/p>\n","protected":false},"author":1,"featured_media":0,"comment_status":"open","ping_status":"open","sticky":false,"template":"","format":"standard","meta":{"_editorskit_title_hidden":false,"_editorskit_reading_time":1,"_editorskit_is_block_options_detached":false,"_editorskit_block_options_position":"{}","inline_featured_image":false,"advgb_blocks_editor_width":"","advgb_blocks_columns_visual_guide":"","footnotes":""},"categories":[8509],"tags":[487,119,178],"author_meta":{"display_name":"doc_inefc","author_link":"https:\/\/revista-apunts.com\/ca\/author\/doc_inefc\/"},"featured_img":null,"coauthors":[],"tax_additional":{"categories":{"linked":["<a href=\"https:\/\/revista-apunts.com\/ca\/category\/apunts-per-al-segle-xxi\/\" class=\"advgb-post-tax-term\">Apunts per al segle XXI<\/a>"],"unlinked":["<span class=\"advgb-post-tax-term\">Apunts per al segle XXI<\/span>"]},"tags":{"linked":["<a href=\"https:\/\/revista-apunts.com\/ca\/category\/apunts-per-al-segle-xxi\/\" class=\"advgb-post-tax-term\">avaluaci\u00f3<\/a>","<a href=\"https:\/\/revista-apunts.com\/ca\/category\/apunts-per-al-segle-xxi\/\" class=\"advgb-post-tax-term\">educaci\u00f3 f\u00edsica<\/a>","<a href=\"https:\/\/revista-apunts.com\/ca\/category\/apunts-per-al-segle-xxi\/\" class=\"advgb-post-tax-term\">salut<\/a>"],"unlinked":["<span class=\"advgb-post-tax-term\">avaluaci\u00f3<\/span>","<span class=\"advgb-post-tax-term\">educaci\u00f3 f\u00edsica<\/span>","<span class=\"advgb-post-tax-term\">salut<\/span>"]}},"comment_count":"0","relative_dates":{"created":"Posted 6 anys ago","modified":"Updated 5 anys ago"},"absolute_dates":{"created":"Posted on 27 octubre 2020","modified":"Updated on 4 gener 2021"},"absolute_dates_time":{"created":"Posted on 27 octubre 2020 11:13","modified":"Updated on 4 gener 2021 23:48"},"featured_img_caption":"","series_order":"","_links":{"self":[{"href":"https:\/\/revista-apunts.com\/ca\/wp-json\/wp\/v2\/posts\/11107\/"}],"collection":[{"href":"https:\/\/revista-apunts.com\/ca\/wp-json\/wp\/v2\/posts\/"}],"about":[{"href":"https:\/\/revista-apunts.com\/ca\/wp-json\/wp\/v2\/types\/post\/"}],"author":[{"embeddable":true,"href":"https:\/\/revista-apunts.com\/ca\/wp-json\/wp\/v2\/users\/1\/"}],"replies":[{"embeddable":true,"href":"https:\/\/revista-apunts.com\/ca\/wp-json\/wp\/v2\/comments\/?post=11107"}],"version-history":[{"count":1,"href":"https:\/\/revista-apunts.com\/ca\/wp-json\/wp\/v2\/posts\/11107\/revisions\/"}],"predecessor-version":[{"id":38030,"href":"https:\/\/revista-apunts.com\/ca\/wp-json\/wp\/v2\/posts\/11107\/revisions\/38030\/"}],"wp:attachment":[{"href":"https:\/\/revista-apunts.com\/ca\/wp-json\/wp\/v2\/media\/?parent=11107"}],"wp:term":[{"taxonomy":"category","embeddable":true,"href":"https:\/\/revista-apunts.com\/ca\/wp-json\/wp\/v2\/categories\/?post=11107"},{"taxonomy":"post_tag","embeddable":true,"href":"https:\/\/revista-apunts.com\/ca\/wp-json\/wp\/v2\/tags\/?post=11107"}],"curies":[{"name":"wp","href":"https:\/\/api.w.org\/{rel}","templated":true}]}}