{"id":11087,"date":"2020-10-27T11:13:21","date_gmt":"2020-10-27T11:13:21","guid":{"rendered":"https:\/\/revista-apunts.com\/?p=11087"},"modified":"2021-01-01T14:40:55","modified_gmt":"2021-01-01T14:40:55","slug":"lavaluacio-deducacio-fisica-en-lensenyament-secundari-des-de-la-perspectiva-de-la-reforma","status":"publish","type":"post","link":"https:\/\/revista-apunts.com\/ca\/lavaluacio-deducacio-fisica-en-lensenyament-secundari-des-de-la-perspectiva-de-la-reforma\/","title":{"rendered":"L&#8217;avaluaci\u00f3 d&#8217;educaci\u00f3 f\u00edsica en l&#8217;ensenyament secundari des de la perspectiva de la reforma"},"content":{"rendered":"\n<h2 class=\"wp-block-heading\">Resum<\/h2>\n\n\n<div align=\"\">\n<p class=\"journal-abstract\">L&#8217;avaluaci\u00f3 en Educaci\u00f3 F\u00edsica \u00e9s un tema problem\u00e0tic que ha despertat la inquietud de molts docents. En aquest treball es parteix de la definici\u00f3 general d&#8217;avaluaci\u00f3 i dels tipus d&#8217;avaluaci\u00f3 per arribar a analitzar la situaci\u00f3 concreta en l&#8217;\u00e0rea d&#8217;Educaci\u00f3 F\u00edsica a l&#8217;ensenyament secundari. S&#8217;arriba a la conclusi\u00f3 que, de la mateixa manera que en els darrers anys s&#8217;ha evolucionat pel que fa als objectius i continguts d&#8217;Educaci\u00f3 F\u00edsica, \u00e9s necess\u00e0ria una evoluci\u00f3 en el proc\u00e9s d&#8217;avaluaci\u00f3. A continuaci\u00f3 s&#8217;esmenten els mitjans de qu\u00e8 es disposa per avaluar els diferents objectius que es poden proposar en l&#8217;\u00e0rea d&#8217;Educaci\u00f3 F\u00edsica, tant els relacionats amb els fets, conceptes i sistemes conceptuals, com els relacionats amb els procediments, com els que tenen a veure amb les actituds, els valors i les normes. Seguidament se suggereix la valoraci\u00f3 dels procediments tamb\u00e9 des del punt de vista quantitatiu, i finalment es proposa una manera ponderada d&#8217;arribar a la qualificaci\u00f3.<\/p>\n<\/div>\n\n\n","protected":false},"excerpt":{"rendered":"<p>Resum L&#8217;avaluaci\u00f3 en Educaci\u00f3 F\u00edsica \u00e9s un tema problem\u00e0tic que ha despertat la inquietud de molts docents. En aquest treball es parteix de la definici\u00f3 general d&#8217;avaluaci\u00f3 i dels tipus d&#8217;avaluaci\u00f3 per arribar a analitzar la situaci\u00f3 concreta en l&#8217;\u00e0rea d&#8217;Educaci\u00f3 F\u00edsica a l&#8217;ensenyament secundari. S&#8217;arriba a la conclusi\u00f3 que, de la mateixa manera que [&hellip;]<\/p>\n","protected":false},"author":1,"featured_media":0,"comment_status":"open","ping_status":"open","sticky":false,"template":"","format":"standard","meta":{"_editorskit_title_hidden":false,"_editorskit_reading_time":1,"_editorskit_is_block_options_detached":false,"_editorskit_block_options_position":"{}","inline_featured_image":false,"advgb_blocks_editor_width":"","advgb_blocks_columns_visual_guide":"","footnotes":""},"categories":[8518],"tags":[],"author_meta":{"display_name":"doc_inefc","author_link":"https:\/\/revista-apunts.com\/ca\/author\/doc_inefc\/"},"featured_img":null,"coauthors":[],"tax_additional":{"categories":{"linked":["<a href=\"https:\/\/revista-apunts.com\/ca\/category\/opinio\/\" class=\"advgb-post-tax-term\">Opini\u00f3<\/a>"],"unlinked":["<span class=\"advgb-post-tax-term\">Opini\u00f3<\/span>"]}},"comment_count":"0","relative_dates":{"created":"Posted 6 anys ago","modified":"Updated 5 anys ago"},"absolute_dates":{"created":"Posted on 27 octubre 2020","modified":"Updated on 1 gener 2021"},"absolute_dates_time":{"created":"Posted on 27 octubre 2020 11:13","modified":"Updated on 1 gener 2021 14:40"},"featured_img_caption":"","series_order":"","_links":{"self":[{"href":"https:\/\/revista-apunts.com\/ca\/wp-json\/wp\/v2\/posts\/11087\/"}],"collection":[{"href":"https:\/\/revista-apunts.com\/ca\/wp-json\/wp\/v2\/posts\/"}],"about":[{"href":"https:\/\/revista-apunts.com\/ca\/wp-json\/wp\/v2\/types\/post\/"}],"author":[{"embeddable":true,"href":"https:\/\/revista-apunts.com\/ca\/wp-json\/wp\/v2\/users\/1\/"}],"replies":[{"embeddable":true,"href":"https:\/\/revista-apunts.com\/ca\/wp-json\/wp\/v2\/comments\/?post=11087"}],"version-history":[{"count":1,"href":"https:\/\/revista-apunts.com\/ca\/wp-json\/wp\/v2\/posts\/11087\/revisions\/"}],"predecessor-version":[{"id":37456,"href":"https:\/\/revista-apunts.com\/ca\/wp-json\/wp\/v2\/posts\/11087\/revisions\/37456\/"}],"wp:attachment":[{"href":"https:\/\/revista-apunts.com\/ca\/wp-json\/wp\/v2\/media\/?parent=11087"}],"wp:term":[{"taxonomy":"category","embeddable":true,"href":"https:\/\/revista-apunts.com\/ca\/wp-json\/wp\/v2\/categories\/?post=11087"},{"taxonomy":"post_tag","embeddable":true,"href":"https:\/\/revista-apunts.com\/ca\/wp-json\/wp\/v2\/tags\/?post=11087"}],"curies":[{"name":"wp","href":"https:\/\/api.w.org\/{rel}","templated":true}]}}