{"id":11071,"date":"2020-10-27T11:13:10","date_gmt":"2020-10-27T11:13:10","guid":{"rendered":"https:\/\/revista-apunts.com\/?p=11071"},"modified":"2021-01-05T00:55:44","modified_gmt":"2021-01-05T00:55:44","slug":"leducacio-fisica-un-concepte-romantic","status":"publish","type":"post","link":"https:\/\/revista-apunts.com\/ca\/leducacio-fisica-un-concepte-romantic\/","title":{"rendered":"L&#8217;educaci\u00f3 f\u00edsica, un concepte rom\u00e0ntic"},"content":{"rendered":"\n<h2 class=\"wp-block-heading\">Resum<\/h2>\n\n\n<div align=\"justify\">\n<p class=\"journal-abstract\">En finalitzar aquest any natural \u20141993\u2014 perdrem una de les denominacions que m\u00e9s va costar d&#8217;introduir en la societat actual (Ley Elola, 1961). M\u00e9s que aix\u00f2, sembla ser que nom\u00e9s uns pocs, amb rom\u00e0mtica obstinaci\u00f3, la empraven, la resta \u2014\u00e9s a dir, la societat\u2014 ens deien &#8220;els de la gimn\u00e0stica&#8221;, &#8220;els dels esports&#8221;, etc., rara, rar\u00edssima, era la vegada que ens denominaven &#8220;els de l&#8217;Educaci\u00f3 F\u00edsica&#8221;. Entre nosaltres \u2014professionals\u2014 la denominaci\u00f3 m\u00e9s estesa i generalitzada darrerament es concretava aix\u00ed: &#8220;som professors d&#8217;INEF&#8221;. Avui dia ser educador f\u00edsic ha passat de moda. A partir d&#8217;ara serem Llicenciats en Ci\u00e8ncies de l&#8217;Actividad F\u00edsica. Potser la luctuosa p\u00e8rdua de la paraula no sigui res m\u00e9s que una petita omissi\u00f3, dins un context m\u00e9s ampli. Esperem que nom\u00e9s sigui una cosa puntual i que no signifiqui un cop m\u00e9s un modisme per fer veure la nostra renovaci\u00f3, modernisme, evoluci\u00f3, progressisme, etc. Si b\u00e9 el concepte activitat f\u00edsica sembla que pot arribar a agradar, no el farem objecte d&#8217;aquest comentari i ens sembla m\u00e9s d&#8217;acord amb aquest discurs realitzar una recapitulaci\u00f3 per tal de comprovar expressions com ara: L&#8217;Educaci\u00f3 F\u00edsica, aquest calaix de sastre&#8230; L&#8217;Educaci\u00f3 F\u00edsica i les seves peculiars t\u00e8cniques&#8230; La primacia de l&#8217;element pedag\u00f2gic&#8230;, expressions que no tenen m\u00e9s de deu anys. En l&#8217;actualitat, aquesta paraula, de sobte, ja no \u00e9s moda. Ara preval el mercantilisme desmesurat i l&#8217;important no \u00e9s que les coses funcionin, sin\u00f3 que venguin.<\/p>\n<\/div>\n\n\n","protected":false},"excerpt":{"rendered":"<p>Resum En finalitzar aquest any natural \u20141993\u2014 perdrem una de les denominacions que m\u00e9s va costar d&#8217;introduir en la societat actual (Ley Elola, 1961). M\u00e9s que aix\u00f2, sembla ser que nom\u00e9s uns pocs, amb rom\u00e0mtica obstinaci\u00f3, la empraven, la resta \u2014\u00e9s a dir, la societat\u2014 ens deien &#8220;els de la gimn\u00e0stica&#8221;, &#8220;els dels esports&#8221;, etc., [&hellip;]<\/p>\n","protected":false},"author":1,"featured_media":0,"comment_status":"open","ping_status":"open","sticky":false,"template":"","format":"standard","meta":{"_editorskit_title_hidden":false,"_editorskit_reading_time":1,"_editorskit_is_block_options_detached":false,"_editorskit_block_options_position":"{}","inline_featured_image":false,"advgb_blocks_editor_width":"","advgb_blocks_columns_visual_guide":"","footnotes":""},"categories":[8509],"tags":[],"author_meta":{"display_name":"doc_inefc","author_link":"https:\/\/revista-apunts.com\/ca\/author\/doc_inefc\/"},"featured_img":null,"coauthors":[],"tax_additional":{"categories":{"linked":["<a href=\"https:\/\/revista-apunts.com\/ca\/category\/apunts-per-al-segle-xxi\/\" class=\"advgb-post-tax-term\">Apunts per al segle XXI<\/a>"],"unlinked":["<span class=\"advgb-post-tax-term\">Apunts per al segle XXI<\/span>"]}},"comment_count":"0","relative_dates":{"created":"Posted 6 anys ago","modified":"Updated 5 anys ago"},"absolute_dates":{"created":"Posted on 27 octubre 2020","modified":"Updated on 5 gener 2021"},"absolute_dates_time":{"created":"Posted on 27 octubre 2020 11:13","modified":"Updated on 5 gener 2021 00:55"},"featured_img_caption":"","series_order":"","_links":{"self":[{"href":"https:\/\/revista-apunts.com\/ca\/wp-json\/wp\/v2\/posts\/11071\/"}],"collection":[{"href":"https:\/\/revista-apunts.com\/ca\/wp-json\/wp\/v2\/posts\/"}],"about":[{"href":"https:\/\/revista-apunts.com\/ca\/wp-json\/wp\/v2\/types\/post\/"}],"author":[{"embeddable":true,"href":"https:\/\/revista-apunts.com\/ca\/wp-json\/wp\/v2\/users\/1\/"}],"replies":[{"embeddable":true,"href":"https:\/\/revista-apunts.com\/ca\/wp-json\/wp\/v2\/comments\/?post=11071"}],"version-history":[{"count":1,"href":"https:\/\/revista-apunts.com\/ca\/wp-json\/wp\/v2\/posts\/11071\/revisions\/"}],"predecessor-version":[{"id":38062,"href":"https:\/\/revista-apunts.com\/ca\/wp-json\/wp\/v2\/posts\/11071\/revisions\/38062\/"}],"wp:attachment":[{"href":"https:\/\/revista-apunts.com\/ca\/wp-json\/wp\/v2\/media\/?parent=11071"}],"wp:term":[{"taxonomy":"category","embeddable":true,"href":"https:\/\/revista-apunts.com\/ca\/wp-json\/wp\/v2\/categories\/?post=11071"},{"taxonomy":"post_tag","embeddable":true,"href":"https:\/\/revista-apunts.com\/ca\/wp-json\/wp\/v2\/tags\/?post=11071"}],"curies":[{"name":"wp","href":"https:\/\/api.w.org\/{rel}","templated":true}]}}