{"id":11042,"date":"2020-10-27T11:12:57","date_gmt":"2020-10-27T11:12:57","guid":{"rendered":"https:\/\/revista-apunts.com\/?p=11042"},"modified":"2021-01-21T10:41:46","modified_gmt":"2021-01-21T10:41:46","slug":"els-jocs-sensibilitzadors-una-eina-dintegracio-social","status":"publish","type":"post","link":"https:\/\/revista-apunts.com\/ca\/els-jocs-sensibilitzadors-una-eina-dintegracio-social\/","title":{"rendered":"Els jocs sensibilitzadors: una eina d&#8217;integraci\u00f3 social"},"content":{"rendered":"\n<h2 class=\"wp-block-heading\">Resum<\/h2>\n\n\n<div align=\"\">\n<p class=\"journal-abstract\">Aquest article vol donar una visi\u00f3 global dels jocs sensibilitzadors com una eina que facilita la integraci\u00f3 de les persones amb disminuci\u00f3 (f\u00edsica i sensorial). De primer, s&#8217;analitza el concepte d&#8217;integraci\u00f3 i la seva relaci\u00f3 amb les actituds que es prenen davant el col\u00b7lectiu esmentat. Posteriorment, es descriuen les caracter\u00edstiques i els objectius dels jocs sensibilitzadors. S&#8217;emfatitza la import\u00e0ncia del fet de viure i experimentar una disminuci\u00f3 com a procediment \u00fatil per a aconseguir actituds positives i solid\u00e0ries respecte a les persones disminu\u00efdes, ja que, amb l&#8217;experimentaci\u00f3, el participant pren consci\u00e8ncia de les seves limitacions i, alhora, apr\u00e8n a valorar les seves capacitats, aspectes fonamentals per tal que el respecte a la diversitat sigui present en el m\u00f3n relacional. La darrera part de l&#8217;article es dedica a descriure amb profunditat el foc de oca sense barreres com a paradigma de joc sensibilitzador pensat especialment per a esdeveniments populars, festes, etc\u00e8tera.<\/p>\n<\/div>\n\n <div class=\"tags\"> <p><strong>Paraules clau:<\/strong> <span>integraci\u00f3<\/span>, <span>respecte a la diversitat<\/span>, <span>sensibilitzaci\u00f3 social<\/span><\/p> <\/div> \n","protected":false},"excerpt":{"rendered":"<p>Resum Aquest article vol donar una visi\u00f3 global dels jocs sensibilitzadors com una eina que facilita la integraci\u00f3 de les persones amb disminuci\u00f3 (f\u00edsica i sensorial). De primer, s&#8217;analitza el concepte d&#8217;integraci\u00f3 i la seva relaci\u00f3 amb les actituds que es prenen davant el col\u00b7lectiu esmentat. Posteriorment, es descriuen les caracter\u00edstiques i els objectius dels [&hellip;]<\/p>\n","protected":false},"author":1,"featured_media":0,"comment_status":"open","ping_status":"open","sticky":false,"template":"","format":"standard","meta":{"_editorskit_title_hidden":false,"_editorskit_reading_time":1,"_editorskit_is_block_options_detached":false,"_editorskit_block_options_position":"{}","inline_featured_image":false,"advgb_blocks_editor_width":"","advgb_blocks_columns_visual_guide":"","footnotes":""},"categories":[8509],"tags":[4572,5116,5115],"author_meta":{"display_name":"doc_inefc","author_link":"https:\/\/revista-apunts.com\/ca\/author\/doc_inefc\/"},"featured_img":null,"coauthors":[],"tax_additional":{"categories":{"linked":["<a href=\"https:\/\/revista-apunts.com\/ca\/category\/apunts-per-al-segle-xxi\/\" class=\"advgb-post-tax-term\">Apunts per al segle XXI<\/a>"],"unlinked":["<span class=\"advgb-post-tax-term\">Apunts per al segle XXI<\/span>"]},"tags":{"linked":["<a href=\"https:\/\/revista-apunts.com\/ca\/category\/apunts-per-al-segle-xxi\/\" class=\"advgb-post-tax-term\">integraci\u00f3<\/a>","<a href=\"https:\/\/revista-apunts.com\/ca\/category\/apunts-per-al-segle-xxi\/\" class=\"advgb-post-tax-term\">respecte a la diversitat<\/a>","<a href=\"https:\/\/revista-apunts.com\/ca\/category\/apunts-per-al-segle-xxi\/\" class=\"advgb-post-tax-term\">sensibilitzaci\u00f3 social<\/a>"],"unlinked":["<span class=\"advgb-post-tax-term\">integraci\u00f3<\/span>","<span class=\"advgb-post-tax-term\">respecte a la diversitat<\/span>","<span class=\"advgb-post-tax-term\">sensibilitzaci\u00f3 social<\/span>"]}},"comment_count":"0","relative_dates":{"created":"Posted 6 anys ago","modified":"Updated 5 anys ago"},"absolute_dates":{"created":"Posted on 27 octubre 2020","modified":"Updated on 21 gener 2021"},"absolute_dates_time":{"created":"Posted on 27 octubre 2020 11:12","modified":"Updated on 21 gener 2021 10:41"},"featured_img_caption":"","series_order":"","_links":{"self":[{"href":"https:\/\/revista-apunts.com\/ca\/wp-json\/wp\/v2\/posts\/11042\/"}],"collection":[{"href":"https:\/\/revista-apunts.com\/ca\/wp-json\/wp\/v2\/posts\/"}],"about":[{"href":"https:\/\/revista-apunts.com\/ca\/wp-json\/wp\/v2\/types\/post\/"}],"author":[{"embeddable":true,"href":"https:\/\/revista-apunts.com\/ca\/wp-json\/wp\/v2\/users\/1\/"}],"replies":[{"embeddable":true,"href":"https:\/\/revista-apunts.com\/ca\/wp-json\/wp\/v2\/comments\/?post=11042"}],"version-history":[{"count":1,"href":"https:\/\/revista-apunts.com\/ca\/wp-json\/wp\/v2\/posts\/11042\/revisions\/"}],"predecessor-version":[{"id":35183,"href":"https:\/\/revista-apunts.com\/ca\/wp-json\/wp\/v2\/posts\/11042\/revisions\/35183\/"}],"wp:attachment":[{"href":"https:\/\/revista-apunts.com\/ca\/wp-json\/wp\/v2\/media\/?parent=11042"}],"wp:term":[{"taxonomy":"category","embeddable":true,"href":"https:\/\/revista-apunts.com\/ca\/wp-json\/wp\/v2\/categories\/?post=11042"},{"taxonomy":"post_tag","embeddable":true,"href":"https:\/\/revista-apunts.com\/ca\/wp-json\/wp\/v2\/tags\/?post=11042"}],"curies":[{"name":"wp","href":"https:\/\/api.w.org\/{rel}","templated":true}]}}