{"id":11039,"date":"2020-10-27T11:12:57","date_gmt":"2020-10-27T11:12:57","guid":{"rendered":"https:\/\/revista-apunts.com\/?p=11039"},"modified":"2021-01-21T10:28:54","modified_gmt":"2021-01-21T10:28:54","slug":"les-adequacions-curriculars-individualitzades-en-educacio-fisica-sindrome-de-down","status":"publish","type":"post","link":"https:\/\/revista-apunts.com\/ca\/les-adequacions-curriculars-individualitzades-en-educacio-fisica-sindrome-de-down\/","title":{"rendered":"Les adequacions curriculars individualitzades en educaci\u00f3 f\u00edsica: S\u00edndrome de Down"},"content":{"rendered":"\n<h2 class=\"wp-block-heading\">Resumen<\/h2>\n\n\n<div align=\"\">\n<p class=\"journal-abstract\">Aquest article reflecteix una experi\u00e8ncia d&#8217;elaboraci\u00f3 i d&#8217;aplicaci\u00f3 (al llarg d&#8217;un curs acad\u00e8mic i a alumnes afectats per la s\u00edndrome de Down) d&#8217;adequacions curriculars individualitzades (ACI) en l\u00e0rea de l&#8217;educaci\u00f3 f\u00edsica. L&#8217;experi\u00e8ncia \u00e9s fruit d&#8217;una beca de recerca que, amb l&#8217;objectiu d&#8217;analitzar l&#8217;efic\u00e0cia de les ACI com a eina afavoridora del desenvolupament d&#8217;alumnes amb necessitats educatives especials, va atorgar l&#8217;INEFC el curs 1991-1992. Es detalla el proc\u00e9s seguit per a elaborar i aplicar les ACI i les conclusions extretes en la valoraci\u00f3 posterior, alhora que es posa com a exemple part d&#8217;una de les ACI elaborades, concretament l&#8217;adre\u00e7ada a una nena amb s\u00edndrome de Down, de nivell mitj\u00e0-baix, de 9 anys d&#8217;edat i alumna de segon d&#8217;EGB d&#8217;una escola ordin\u00e0ria del districte de Ciutat Vella de Barcelona.<\/p>\n<\/div>\n\n <div class=\"tags\"> <p><strong>Paraules clau:<\/strong> <span>adequaci\u00f3 curricular individualitzada<\/span>, <span>integraci\u00f3 escolar<\/span>, <span>nivell actual de compet\u00e8ncies curriculars<\/span>, <span>reforma educativa<\/span>, <span>s\u00edndrome de Down<\/span><\/p> <\/div> \n","protected":false},"excerpt":{"rendered":"<p>Resumen Aquest article reflecteix una experi\u00e8ncia d&#8217;elaboraci\u00f3 i d&#8217;aplicaci\u00f3 (al llarg d&#8217;un curs acad\u00e8mic i a alumnes afectats per la s\u00edndrome de Down) d&#8217;adequacions curriculars individualitzades (ACI) en l\u00e0rea de l&#8217;educaci\u00f3 f\u00edsica. L&#8217;experi\u00e8ncia \u00e9s fruit d&#8217;una beca de recerca que, amb l&#8217;objectiu d&#8217;analitzar l&#8217;efic\u00e0cia de les ACI com a eina afavoridora del desenvolupament d&#8217;alumnes amb [&hellip;]<\/p>\n","protected":false},"author":1,"featured_media":0,"comment_status":"open","ping_status":"open","sticky":false,"template":"","format":"standard","meta":{"_editorskit_title_hidden":false,"_editorskit_reading_time":1,"_editorskit_is_block_options_detached":false,"_editorskit_block_options_position":"{}","inline_featured_image":false,"advgb_blocks_editor_width":"","advgb_blocks_columns_visual_guide":"","footnotes":""},"categories":[8509],"tags":[5109,5107,5110,2089,2315],"author_meta":{"display_name":"doc_inefc","author_link":"https:\/\/revista-apunts.com\/ca\/author\/doc_inefc\/"},"featured_img":null,"coauthors":[],"tax_additional":{"categories":{"linked":["<a href=\"https:\/\/revista-apunts.com\/ca\/category\/apunts-per-al-segle-xxi\/\" class=\"advgb-post-tax-term\">Apunts per al segle XXI<\/a>"],"unlinked":["<span class=\"advgb-post-tax-term\">Apunts per al segle XXI<\/span>"]},"tags":{"linked":["<a href=\"https:\/\/revista-apunts.com\/ca\/category\/apunts-per-al-segle-xxi\/\" class=\"advgb-post-tax-term\">adequaci\u00f3 curricular individualitzada<\/a>","<a href=\"https:\/\/revista-apunts.com\/ca\/category\/apunts-per-al-segle-xxi\/\" class=\"advgb-post-tax-term\">integraci\u00f3 escolar<\/a>","<a href=\"https:\/\/revista-apunts.com\/ca\/category\/apunts-per-al-segle-xxi\/\" class=\"advgb-post-tax-term\">nivell actual de compet\u00e8ncies curriculars<\/a>","<a href=\"https:\/\/revista-apunts.com\/ca\/category\/apunts-per-al-segle-xxi\/\" class=\"advgb-post-tax-term\">reforma educativa<\/a>","<a href=\"https:\/\/revista-apunts.com\/ca\/category\/apunts-per-al-segle-xxi\/\" class=\"advgb-post-tax-term\">s\u00edndrome de Down<\/a>"],"unlinked":["<span class=\"advgb-post-tax-term\">adequaci\u00f3 curricular individualitzada<\/span>","<span class=\"advgb-post-tax-term\">integraci\u00f3 escolar<\/span>","<span class=\"advgb-post-tax-term\">nivell actual de compet\u00e8ncies curriculars<\/span>","<span class=\"advgb-post-tax-term\">reforma educativa<\/span>","<span class=\"advgb-post-tax-term\">s\u00edndrome de Down<\/span>"]}},"comment_count":"0","relative_dates":{"created":"Posted 6 anys ago","modified":"Updated 5 anys ago"},"absolute_dates":{"created":"Posted on 27 octubre 2020","modified":"Updated on 21 gener 2021"},"absolute_dates_time":{"created":"Posted on 27 octubre 2020 11:12","modified":"Updated on 21 gener 2021 10:28"},"featured_img_caption":"","series_order":"","_links":{"self":[{"href":"https:\/\/revista-apunts.com\/ca\/wp-json\/wp\/v2\/posts\/11039\/"}],"collection":[{"href":"https:\/\/revista-apunts.com\/ca\/wp-json\/wp\/v2\/posts\/"}],"about":[{"href":"https:\/\/revista-apunts.com\/ca\/wp-json\/wp\/v2\/types\/post\/"}],"author":[{"embeddable":true,"href":"https:\/\/revista-apunts.com\/ca\/wp-json\/wp\/v2\/users\/1\/"}],"replies":[{"embeddable":true,"href":"https:\/\/revista-apunts.com\/ca\/wp-json\/wp\/v2\/comments\/?post=11039"}],"version-history":[{"count":1,"href":"https:\/\/revista-apunts.com\/ca\/wp-json\/wp\/v2\/posts\/11039\/revisions\/"}],"predecessor-version":[{"id":35157,"href":"https:\/\/revista-apunts.com\/ca\/wp-json\/wp\/v2\/posts\/11039\/revisions\/35157\/"}],"wp:attachment":[{"href":"https:\/\/revista-apunts.com\/ca\/wp-json\/wp\/v2\/media\/?parent=11039"}],"wp:term":[{"taxonomy":"category","embeddable":true,"href":"https:\/\/revista-apunts.com\/ca\/wp-json\/wp\/v2\/categories\/?post=11039"},{"taxonomy":"post_tag","embeddable":true,"href":"https:\/\/revista-apunts.com\/ca\/wp-json\/wp\/v2\/tags\/?post=11039"}],"curies":[{"name":"wp","href":"https:\/\/api.w.org\/{rel}","templated":true}]}}