{"id":11030,"date":"2020-10-27T11:12:44","date_gmt":"2020-10-27T11:12:44","guid":{"rendered":"https:\/\/revista-apunts.com\/?p=11030"},"modified":"2021-01-17T08:18:43","modified_gmt":"2021-01-17T08:18:43","slug":"la-nostra-portada-jugar-al-carrer","status":"publish","type":"post","link":"https:\/\/revista-apunts.com\/ca\/la-nostra-portada-jugar-al-carrer\/","title":{"rendered":"LA NOSTRA PORTADA. Jugar al carrer"},"content":{"rendered":"\n<h2 class=\"wp-block-heading\">Resum<\/h2>\n\n\n<p>Aquesta vegada, la Nostra Portada t\u00e9 un car\u00e0cter excepcional. L\u2019ocupen dues obres de qui ha estat el ninotaire m\u00e9s important del nostre pa\u00eds: en Francesc Vila i Rufas, conegut per tothom com en Cesc (1927\u20132006). Tots dos dibuixos destaquen per les seves inconfusibles caracter\u00edstiques de senzillesa i alhora de grandesa argumental, cosa que ens ha mogut a titular aquest text,\u00a0 Jugar al \u00adcarrer. Comen\u00e7ar\u00e9 recordant la meva prec\u00e0ria experi\u00e8ncia d\u2019infantesa i primera joventut en aquesta activitat d\u2019\u00edndole \u201csuburbana\u201d. S\u00f3n moltes les persones de la meva edat que, en algun moment dels seus primers anys, han jugat al carrer. Recordo que la primera vegada que ho vaig fer fou cap al 1938, a Sant Boi de Llobregat (aleshores Vilaboi), jugant al futbol. Vaig viure uns mesos en aquest poble, fugint de les bombes que queien sobre Barcelona. Tamb\u00e9, per aquell temps o potser un o dos anys despr\u00e9s, vaig tenir el desig, que no he pogut satisfer, de lliscar sobre uns artefactes de fusta amb rodes de coixinets de boles pel carrer d\u2019Enric Granados on vivia (els constru\u00efen els nois del barri, amb formes rudiment\u00e0ries, que avui recordarien patinets o \u201cskate\u00adboards\u201d). Durant el batxillerat, tornant de l\u2019Escola Pia de Balmes cantonada Travessera de Gr\u00e0cia, algunes vegades havia jugat tamb\u00e9 a futbol al carrer Tuset, que aleshores no estava gaire urbanitzat i tenia unes voreres ampl\u00edssimes, sense asfaltar. En els primers cursos de la carrera de Medicina, vaig participar en uns continus i inacabables partits de futbol que des de bon mat\u00ed i fins al migdia s\u2019organitzaven di\u00e0riament al pati claustrat de la Facultat. Jug\u00e0vem entre classe i classe, encara que hi havia un nucli de jugadors entusiastes que generalment no entraven a les aules en cap moment. Aquesta competici\u00f3 es va clausurar despr\u00e9s de bastants anys, quan el Deg\u00e0 va decidir adornar el pati amb parterres de flors, que encara per\u00adduren.<\/p>\n\n\n","protected":false},"excerpt":{"rendered":"<p>Resum Aquesta vegada, la Nostra Portada t\u00e9 un car\u00e0cter excepcional. L\u2019ocupen dues obres de qui ha estat el ninotaire m\u00e9s important del nostre pa\u00eds: en Francesc Vila i Rufas, conegut per tothom com en Cesc (1927\u20132006). Tots dos dibuixos destaquen per les seves inconfusibles caracter\u00edstiques de senzillesa i alhora de grandesa argumental, cosa que ens [&hellip;]<\/p>\n","protected":false},"author":1,"featured_media":0,"comment_status":"open","ping_status":"open","sticky":false,"template":"","format":"standard","meta":{"_editorskit_title_hidden":false,"_editorskit_reading_time":1,"_editorskit_is_block_options_detached":false,"_editorskit_block_options_position":"{}","inline_featured_image":false,"advgb_blocks_editor_width":"","advgb_blocks_columns_visual_guide":"","footnotes":""},"categories":[9455],"tags":[],"author_meta":{"display_name":"doc_inefc","author_link":"https:\/\/revista-apunts.com\/ca\/author\/doc_inefc\/"},"featured_img":null,"coauthors":[],"tax_additional":{"categories":{"linked":["<a href=\"https:\/\/revista-apunts.com\/ca\/category\/art-i-esport-ca\/\" class=\"advgb-post-tax-term\">Art i esport<\/a>"],"unlinked":["<span class=\"advgb-post-tax-term\">Art i esport<\/span>"]}},"comment_count":"0","relative_dates":{"created":"Posted 6 anys ago","modified":"Updated 5 anys ago"},"absolute_dates":{"created":"Posted on 27 octubre 2020","modified":"Updated on 17 gener 2021"},"absolute_dates_time":{"created":"Posted on 27 octubre 2020 11:12","modified":"Updated on 17 gener 2021 08:18"},"featured_img_caption":"","series_order":"","_links":{"self":[{"href":"https:\/\/revista-apunts.com\/ca\/wp-json\/wp\/v2\/posts\/11030\/"}],"collection":[{"href":"https:\/\/revista-apunts.com\/ca\/wp-json\/wp\/v2\/posts\/"}],"about":[{"href":"https:\/\/revista-apunts.com\/ca\/wp-json\/wp\/v2\/types\/post\/"}],"author":[{"embeddable":true,"href":"https:\/\/revista-apunts.com\/ca\/wp-json\/wp\/v2\/users\/1\/"}],"replies":[{"embeddable":true,"href":"https:\/\/revista-apunts.com\/ca\/wp-json\/wp\/v2\/comments\/?post=11030"}],"version-history":[{"count":1,"href":"https:\/\/revista-apunts.com\/ca\/wp-json\/wp\/v2\/posts\/11030\/revisions\/"}],"predecessor-version":[{"id":32554,"href":"https:\/\/revista-apunts.com\/ca\/wp-json\/wp\/v2\/posts\/11030\/revisions\/32554\/"}],"wp:attachment":[{"href":"https:\/\/revista-apunts.com\/ca\/wp-json\/wp\/v2\/media\/?parent=11030"}],"wp:term":[{"taxonomy":"category","embeddable":true,"href":"https:\/\/revista-apunts.com\/ca\/wp-json\/wp\/v2\/categories\/?post=11030"},{"taxonomy":"post_tag","embeddable":true,"href":"https:\/\/revista-apunts.com\/ca\/wp-json\/wp\/v2\/tags\/?post=11030"}],"curies":[{"name":"wp","href":"https:\/\/api.w.org\/{rel}","templated":true}]}}