{"id":10985,"date":"2020-10-27T11:12:13","date_gmt":"2020-10-27T11:12:13","guid":{"rendered":"https:\/\/revista-apunts.com\/?p=10985"},"modified":"2020-12-30T11:53:49","modified_gmt":"2020-12-30T11:53:49","slug":"sobre-la-collaboracio-del-professor-deducacio-fisica-i-el-metge-especialista","status":"publish","type":"post","link":"https:\/\/revista-apunts.com\/ca\/sobre-la-collaboracio-del-professor-deducacio-fisica-i-el-metge-especialista\/","title":{"rendered":"Sobre la col\u00b7laboraci\u00f3 del professor d&#8217;Educaci\u00f3 F\u00edsica i el metge especialista"},"content":{"rendered":"\n<h2 class=\"wp-block-heading\">Resum<\/h2>\n\n\n<div align=\"\">\n<p class=\"journal-abstract\">Hi ha dues professions en el context educatiu que demanen una estreta col\u00b7laboraci\u00f3: d&#8217;una banda el professor d&#8217;Educaci\u00f3 F\u00edsica, actualment integrat totalment en el sistema educatiu, i de l&#8217;altra el metge especialista en medicina esportiva. Per poder establir una relaci\u00f3 fluida entre ambd\u00f3s professionals, cal con\u00e8ixer quina \u00e9s la situaci\u00f3 legal. Els serveis de medicina i higiene escolar estan regulats pel Decret de 25 d&#8217;agost de 1978 del Ministeri de Sanitat i Seguretat Social, segons el qual tots els centres docents han de disposar d&#8217;un servei primari de sanitat i higiene escolar, format per un metge i un ATS o auxiliar d&#8217;infermeria, amb un nombre m\u00e0xim de cinc mil alumnes per centre. Els objectius d&#8217;aquest servei s\u00f3n els seg\u00fcents: a) ex\u00e0mens m\u00e8dics peri\u00f2dics dels escolars i dels professors, b) educaci\u00f3 sanit\u00e0ria en el medi escolar (alumnes, pares i professors), c) estudi i proposta de correcci\u00f3 de les condicions higi\u00e8nico-sanit\u00e0ries de l&#8217;entorn escolar i de l&#8217;\u00e0mbit social en el qual es troba situat el centre, d) higiene en alimentaci\u00f3 i en l&#8217;educaci\u00f3 f\u00edsica i e) accions preventives de les malalties transmissibles en el medi escolar. Alhora, la incorporaci\u00f3 de nous recursos humans que s&#8217;estan portant a terme als Instituts d&#8217;Educaci\u00f3 Secund\u00e0ria, a trav\u00e9s dels departaments d&#8217;orientaci\u00f3, intenten pal-liar els possibles d\u00e8ficits per atendre els alumnes amb necessitats educatives especials. Aquests departaments d&#8217;orientaci\u00f3 presenten una colla de professionals d&#8217;\u00e0mbits diferenciats per col-laborar i ajudar el professor tutor (professors de psicologia, pedagogia, \u00e0mbit ling\u00fc\u00edstic, cient\u00edfico-tecnol\u00f2gic, \u00e0mbit pr\u00e0ctic i mestres de suport).<\/p>\n<\/div>\n\n\n","protected":false},"excerpt":{"rendered":"<p>Resum Hi ha dues professions en el context educatiu que demanen una estreta col\u00b7laboraci\u00f3: d&#8217;una banda el professor d&#8217;Educaci\u00f3 F\u00edsica, actualment integrat totalment en el sistema educatiu, i de l&#8217;altra el metge especialista en medicina esportiva. Per poder establir una relaci\u00f3 fluida entre ambd\u00f3s professionals, cal con\u00e8ixer quina \u00e9s la situaci\u00f3 legal. Els serveis de [&hellip;]<\/p>\n","protected":false},"author":1,"featured_media":0,"comment_status":"open","ping_status":"open","sticky":false,"template":"","format":"standard","meta":{"_editorskit_title_hidden":false,"_editorskit_reading_time":1,"_editorskit_is_block_options_detached":false,"_editorskit_block_options_position":"{}","inline_featured_image":false,"advgb_blocks_editor_width":"","advgb_blocks_columns_visual_guide":"","footnotes":""},"categories":[8509],"tags":[],"author_meta":{"display_name":"doc_inefc","author_link":"https:\/\/revista-apunts.com\/ca\/author\/doc_inefc\/"},"featured_img":null,"coauthors":[],"tax_additional":{"categories":{"linked":["<a href=\"https:\/\/revista-apunts.com\/ca\/category\/apunts-per-al-segle-xxi\/\" class=\"advgb-post-tax-term\">Apunts per al segle XXI<\/a>"],"unlinked":["<span class=\"advgb-post-tax-term\">Apunts per al segle XXI<\/span>"]}},"comment_count":"0","relative_dates":{"created":"Posted 6 anys ago","modified":"Updated 5 anys ago"},"absolute_dates":{"created":"Posted on 27 octubre 2020","modified":"Updated on 30 desembre 2020"},"absolute_dates_time":{"created":"Posted on 27 octubre 2020 11:12","modified":"Updated on 30 desembre 2020 11:53"},"featured_img_caption":"","series_order":"","_links":{"self":[{"href":"https:\/\/revista-apunts.com\/ca\/wp-json\/wp\/v2\/posts\/10985\/"}],"collection":[{"href":"https:\/\/revista-apunts.com\/ca\/wp-json\/wp\/v2\/posts\/"}],"about":[{"href":"https:\/\/revista-apunts.com\/ca\/wp-json\/wp\/v2\/types\/post\/"}],"author":[{"embeddable":true,"href":"https:\/\/revista-apunts.com\/ca\/wp-json\/wp\/v2\/users\/1\/"}],"replies":[{"embeddable":true,"href":"https:\/\/revista-apunts.com\/ca\/wp-json\/wp\/v2\/comments\/?post=10985"}],"version-history":[{"count":1,"href":"https:\/\/revista-apunts.com\/ca\/wp-json\/wp\/v2\/posts\/10985\/revisions\/"}],"predecessor-version":[{"id":36268,"href":"https:\/\/revista-apunts.com\/ca\/wp-json\/wp\/v2\/posts\/10985\/revisions\/36268\/"}],"wp:attachment":[{"href":"https:\/\/revista-apunts.com\/ca\/wp-json\/wp\/v2\/media\/?parent=10985"}],"wp:term":[{"taxonomy":"category","embeddable":true,"href":"https:\/\/revista-apunts.com\/ca\/wp-json\/wp\/v2\/categories\/?post=10985"},{"taxonomy":"post_tag","embeddable":true,"href":"https:\/\/revista-apunts.com\/ca\/wp-json\/wp\/v2\/tags\/?post=10985"}],"curies":[{"name":"wp","href":"https:\/\/api.w.org\/{rel}","templated":true}]}}