{"id":10953,"date":"2020-10-27T11:11:47","date_gmt":"2020-10-27T11:11:47","guid":{"rendered":"https:\/\/revista-apunts.com\/?p=10953"},"modified":"2020-12-18T11:18:16","modified_gmt":"2020-12-18T11:18:16","slug":"carta-al-lector","status":"publish","type":"post","link":"https:\/\/revista-apunts.com\/ca\/carta-al-lector\/","title":{"rendered":"Carta al lector"},"content":{"rendered":"\n<h2 class=\"wp-block-heading\">Resum<\/h2>\n\n\n<div align=\"\">\n<p class=\"journal-abstract\">Normalment els comiats no solen ser definitius. Tots, d&#8217;una manera o altra, seguim pel cam\u00ed en un continuum i, possiblement, l&#8217;\u00fanic que fem \u00e9s utilitzar un transport diferent. Avui, la direcci\u00f3 i el consell de redacci\u00f3 de la revista Apunts. Educaci\u00f3 F\u00edsica i Esports prenen un altre vehicle, exhaureixen el seu temps despr\u00e9s de vuit anys laboriosos\u00a0 1988\/1996\u2014 en qu\u00e8 temes molt diversos de l&#8217;activitat f\u00edsica esportiva han sortit a la llum i en qu\u00e8 la novetat, originalitat i els criteris acad\u00e8mics han prevalgut sobre una altra s\u00e8rie de plantejaments. La revista del INEF de Catalunya \u00e9s una publicaci\u00f3 consolidada al nostre pa\u00eds i reconeguda internacionalment. Actualment \u00e9s una publicaci\u00f3 trimestral estructurada i arrelada on els criteris oberts i constructius han estat els prioritaris, lluny de sectarismes in\u00fatils. La revista Apunts, en aquests anys en qu\u00e8 la vam dirigir, ha intentat abordar els problemes amb generositat i des d&#8217;un punt de vista ampli, sempre observant la seva repercussi\u00f3 en els nostres lectors, els quals han fet, amb la seva opini\u00f3, que la revista sigui una de les m\u00e9s reconegudes en llengua castellana i catalana. A ells el nostre agra\u00efment, amb l&#8217;esperan\u00e7a que continu\u00efn confiant-hi en la propera etapa. Tamb\u00e9 \u00e9s obligat ressaltar els que han fet possible aquesta tasca amb la seva gran col\u2022laboraci\u00f3, des de la secretaria de redacci\u00f3 i consell assessor fins a tots els professors de l&#8217;INEF de Catalunya (Barcelona i Lleida). Per a tots nosaltres queda un record entranyable de qui ens va deixar sent membre del consell de redacci\u00f3; un bon amic d&#8217;estudis, un jove professional, professor de l&#8217;INEFC de Lleida \u2014Jeroni Saura\u2014 amb qui vam viure moments professionals apassionants potser en una \u00e8poca de l&#8217;educaci\u00f3 f\u00edsica for\u00e7a desconeguda per als nous professionals o per a aquells que s\u00f3n aliens, formativament parlant, als INEF. Per\u00f2 cal ressaltar que durant aquesta conviv\u00e8ncia de vint anys va ser quan es van fusionar les escoles d&#8217;educaci\u00f3 f\u00edsica, es van crear les expectatives dels professionals per la futura llicenciatura i va arribar el reconeixement professional en l&#8217;\u00e0mbit educatiu.<\/p>\n<\/div>\n\n\n","protected":false},"excerpt":{"rendered":"<p>Resum Normalment els comiats no solen ser definitius. Tots, d&#8217;una manera o altra, seguim pel cam\u00ed en un continuum i, possiblement, l&#8217;\u00fanic que fem \u00e9s utilitzar un transport diferent. Avui, la direcci\u00f3 i el consell de redacci\u00f3 de la revista Apunts. Educaci\u00f3 F\u00edsica i Esports prenen un altre vehicle, exhaureixen el seu temps despr\u00e9s de [&hellip;]<\/p>\n","protected":false},"author":1,"featured_media":0,"comment_status":"open","ping_status":"open","sticky":false,"template":"","format":"standard","meta":{"_editorskit_title_hidden":false,"_editorskit_reading_time":1,"_editorskit_is_block_options_detached":false,"_editorskit_block_options_position":"{}","inline_featured_image":false,"advgb_blocks_editor_width":"","advgb_blocks_columns_visual_guide":"","footnotes":""},"categories":[8509],"tags":[],"author_meta":{"display_name":"doc_inefc","author_link":"https:\/\/revista-apunts.com\/ca\/author\/doc_inefc\/"},"featured_img":null,"coauthors":[],"tax_additional":{"categories":{"linked":["<a href=\"https:\/\/revista-apunts.com\/ca\/category\/apunts-per-al-segle-xxi\/\" class=\"advgb-post-tax-term\">Apunts per al segle XXI<\/a>"],"unlinked":["<span class=\"advgb-post-tax-term\">Apunts per al segle XXI<\/span>"]}},"comment_count":"0","relative_dates":{"created":"Posted 6 anys ago","modified":"Updated 5 anys ago"},"absolute_dates":{"created":"Posted on 27 octubre 2020","modified":"Updated on 18 desembre 2020"},"absolute_dates_time":{"created":"Posted on 27 octubre 2020 11:11","modified":"Updated on 18 desembre 2020 11:18"},"featured_img_caption":"","series_order":"","_links":{"self":[{"href":"https:\/\/revista-apunts.com\/ca\/wp-json\/wp\/v2\/posts\/10953\/"}],"collection":[{"href":"https:\/\/revista-apunts.com\/ca\/wp-json\/wp\/v2\/posts\/"}],"about":[{"href":"https:\/\/revista-apunts.com\/ca\/wp-json\/wp\/v2\/types\/post\/"}],"author":[{"embeddable":true,"href":"https:\/\/revista-apunts.com\/ca\/wp-json\/wp\/v2\/users\/1\/"}],"replies":[{"embeddable":true,"href":"https:\/\/revista-apunts.com\/ca\/wp-json\/wp\/v2\/comments\/?post=10953"}],"version-history":[{"count":1,"href":"https:\/\/revista-apunts.com\/ca\/wp-json\/wp\/v2\/posts\/10953\/revisions\/"}],"predecessor-version":[{"id":34814,"href":"https:\/\/revista-apunts.com\/ca\/wp-json\/wp\/v2\/posts\/10953\/revisions\/34814\/"}],"wp:attachment":[{"href":"https:\/\/revista-apunts.com\/ca\/wp-json\/wp\/v2\/media\/?parent=10953"}],"wp:term":[{"taxonomy":"category","embeddable":true,"href":"https:\/\/revista-apunts.com\/ca\/wp-json\/wp\/v2\/categories\/?post=10953"},{"taxonomy":"post_tag","embeddable":true,"href":"https:\/\/revista-apunts.com\/ca\/wp-json\/wp\/v2\/tags\/?post=10953"}],"curies":[{"name":"wp","href":"https:\/\/api.w.org\/{rel}","templated":true}]}}