{"id":10895,"date":"2020-10-27T11:11:16","date_gmt":"2020-10-27T11:11:16","guid":{"rendered":"https:\/\/revista-apunts.com\/?p=10895"},"modified":"2020-12-11T11:44:10","modified_gmt":"2020-12-11T11:44:10","slug":"eduardo-arroyo-la-boxa-i-arthur-cravan-poeta-i-boxador","status":"publish","type":"post","link":"https:\/\/revista-apunts.com\/ca\/eduardo-arroyo-la-boxa-i-arthur-cravan-poeta-i-boxador\/","title":{"rendered":"Eduardo Arroyo, la boxa i Arthur Cravan, poeta i boxador"},"content":{"rendered":"\n<h2 class=\"wp-block-heading\">Resum<\/h2>\n\n\n<div align=\"justify\">\n<p class=\"journal-abstract\">Entre els mesos de mar\u00e7 i juny d&#8217;enguany, el Mus\u00e9e Olympic de Lausanne ha acollit una exposici\u00f3 d&#8217;obres de l&#8217;espanyol Eduardo Arroyo, sota la suggestiva denominaci\u00f3 de: Knock-out. Eduardo Arroyo \u00e9s un artista de personalitat singular, d&#8217;exuberant vitalitat, apassionat en totes les seves activitats. Nascut a Madrid l&#8217;any 1937, de jove va jugar al b\u00e0squet amb l&#8217;equip del Real Madrid, encara que reconeix que gaireb\u00e9 sempre estava assegut a la banqueta. Aleshores, la seva \u00fanica vocaci\u00f3 no esportiva era esdevenir escriptor. En un intent de buscar un millor ambient sociopol\u00edtic per realitzar la seva ambici\u00f3 liter\u00e0ria, s&#8217;exil\u00e0 a Paris en 1958. Arroyo es reconeix &#8220;l&#8217;\u00faltim dels imb\u00e8cils&#8221;, per haver tingut la idea d&#8217;exilarse per poder escriure, ja que aquesta circumst\u00e0ncia va atemptar contra el seu estil literari i contra la vivacitat de la seva llengua&#8230;<\/p>\n<\/div>\n\n\n","protected":false},"excerpt":{"rendered":"<p>Resum Entre els mesos de mar\u00e7 i juny d&#8217;enguany, el Mus\u00e9e Olympic de Lausanne ha acollit una exposici\u00f3 d&#8217;obres de l&#8217;espanyol Eduardo Arroyo, sota la suggestiva denominaci\u00f3 de: Knock-out. Eduardo Arroyo \u00e9s un artista de personalitat singular, d&#8217;exuberant vitalitat, apassionat en totes les seves activitats. Nascut a Madrid l&#8217;any 1937, de jove va jugar al [&hellip;]<\/p>\n","protected":false},"author":1,"featured_media":0,"comment_status":"open","ping_status":"open","sticky":false,"template":"","format":"standard","meta":{"_editorskit_title_hidden":false,"_editorskit_reading_time":1,"_editorskit_is_block_options_detached":false,"_editorskit_block_options_position":"{}","inline_featured_image":false,"advgb_blocks_editor_width":"","advgb_blocks_columns_visual_guide":"","footnotes":""},"categories":[8518],"tags":[],"author_meta":{"display_name":"doc_inefc","author_link":"https:\/\/revista-apunts.com\/ca\/author\/doc_inefc\/"},"featured_img":null,"coauthors":[],"tax_additional":{"categories":{"linked":["<a href=\"https:\/\/revista-apunts.com\/ca\/category\/opinio\/\" class=\"advgb-post-tax-term\">Opini\u00f3<\/a>"],"unlinked":["<span class=\"advgb-post-tax-term\">Opini\u00f3<\/span>"]}},"comment_count":"0","relative_dates":{"created":"Posted 6 anys ago","modified":"Updated 5 anys ago"},"absolute_dates":{"created":"Posted on 27 octubre 2020","modified":"Updated on 11 desembre 2020"},"absolute_dates_time":{"created":"Posted on 27 octubre 2020 11:11","modified":"Updated on 11 desembre 2020 11:44"},"featured_img_caption":"","series_order":"","_links":{"self":[{"href":"https:\/\/revista-apunts.com\/ca\/wp-json\/wp\/v2\/posts\/10895\/"}],"collection":[{"href":"https:\/\/revista-apunts.com\/ca\/wp-json\/wp\/v2\/posts\/"}],"about":[{"href":"https:\/\/revista-apunts.com\/ca\/wp-json\/wp\/v2\/types\/post\/"}],"author":[{"embeddable":true,"href":"https:\/\/revista-apunts.com\/ca\/wp-json\/wp\/v2\/users\/1\/"}],"replies":[{"embeddable":true,"href":"https:\/\/revista-apunts.com\/ca\/wp-json\/wp\/v2\/comments\/?post=10895"}],"version-history":[{"count":1,"href":"https:\/\/revista-apunts.com\/ca\/wp-json\/wp\/v2\/posts\/10895\/revisions\/"}],"predecessor-version":[{"id":33979,"href":"https:\/\/revista-apunts.com\/ca\/wp-json\/wp\/v2\/posts\/10895\/revisions\/33979\/"}],"wp:attachment":[{"href":"https:\/\/revista-apunts.com\/ca\/wp-json\/wp\/v2\/media\/?parent=10895"}],"wp:term":[{"taxonomy":"category","embeddable":true,"href":"https:\/\/revista-apunts.com\/ca\/wp-json\/wp\/v2\/categories\/?post=10895"},{"taxonomy":"post_tag","embeddable":true,"href":"https:\/\/revista-apunts.com\/ca\/wp-json\/wp\/v2\/tags\/?post=10895"}],"curies":[{"name":"wp","href":"https:\/\/api.w.org\/{rel}","templated":true}]}}