{"id":10888,"date":"2020-10-27T11:11:16","date_gmt":"2020-10-27T11:11:16","guid":{"rendered":"https:\/\/revista-apunts.com\/?p=10888"},"modified":"2020-12-11T10:48:57","modified_gmt":"2020-12-11T10:48:57","slug":"lesportista-professional-una-relacio-laboral-de-caracter-especial","status":"publish","type":"post","link":"https:\/\/revista-apunts.com\/ca\/lesportista-professional-una-relacio-laboral-de-caracter-especial\/","title":{"rendered":"L&#8217;esportista professional. Una relaci\u00f3 laboral de car\u00e0cter especial"},"content":{"rendered":"\n<h2 class=\"wp-block-heading\">Resum<\/h2>\n\n\n<div align=\"\">\n<p class=\"journal-abstract\">L&#8217;article t\u00e9 com a objectiu l&#8217;an\u00e0lisi del terme \u00abesportista professional\u00bb des del punt de vista del dret laboral. Es necessita, per a aquesta finalitat, atendre l&#8217;especialitat d&#8217;aquest tipus de contracte, tal i com li confereix l&#8217;article 2.1 de la Llei 8\/1980, de 10 de mar\u00e7 (Estatut dels treballadors). Despr\u00e9s de l&#8217;an\u00e0lisi de la definici\u00f3 d&#8217;esportista professional recollida en l&#8217;article 1.2 del Reial decret 1006\/85, de 26 de juny, i els principals elements que la composen, el text se centra en la relaci\u00f3 especial del contracte i els \u00f2rgans competents per tal de dirimir els conflictes entre l&#8217;esportista i el club o SAD. Dins d&#8217;aquesta idea, es posa un especial \u00e8mfasi a la relaci\u00f3 que hi ha entre les \u00abregles de joc o competici\u00f3\u00bb o les \u00abregles esportives\u00bb, delimitaci\u00f3 que actualment sembla trobar algunes dificultats, tal i com es mostra en l&#8217;\u00e0mbit de la contractaci\u00f3 d&#8217;esportistes estrangers.<\/p>\n<\/div>\n\n <div class=\"tags\"> <p><strong>Paraules clau:<\/strong> <span>acomiadament laboral<\/span>, <span>contracte de treball<\/span>, <span>esportista professional<\/span><\/p> <\/div> \n","protected":false},"excerpt":{"rendered":"<p>Resum L&#8217;article t\u00e9 com a objectiu l&#8217;an\u00e0lisi del terme \u00abesportista professional\u00bb des del punt de vista del dret laboral. Es necessita, per a aquesta finalitat, atendre l&#8217;especialitat d&#8217;aquest tipus de contracte, tal i com li confereix l&#8217;article 2.1 de la Llei 8\/1980, de 10 de mar\u00e7 (Estatut dels treballadors). Despr\u00e9s de l&#8217;an\u00e0lisi de la definici\u00f3 [&hellip;]<\/p>\n","protected":false},"author":1,"featured_media":0,"comment_status":"open","ping_status":"open","sticky":false,"template":"","format":"standard","meta":{"_editorskit_title_hidden":false,"_editorskit_reading_time":1,"_editorskit_is_block_options_detached":false,"_editorskit_block_options_position":"{}","inline_featured_image":false,"advgb_blocks_editor_width":"","advgb_blocks_columns_visual_guide":"","footnotes":""},"categories":[8509],"tags":[4844,4842,4843],"author_meta":{"display_name":"doc_inefc","author_link":"https:\/\/revista-apunts.com\/ca\/author\/doc_inefc\/"},"featured_img":null,"coauthors":[],"tax_additional":{"categories":{"linked":["<a href=\"https:\/\/revista-apunts.com\/ca\/category\/apunts-per-al-segle-xxi\/\" class=\"advgb-post-tax-term\">Apunts per al segle XXI<\/a>"],"unlinked":["<span class=\"advgb-post-tax-term\">Apunts per al segle XXI<\/span>"]},"tags":{"linked":["<a href=\"https:\/\/revista-apunts.com\/ca\/category\/apunts-per-al-segle-xxi\/\" class=\"advgb-post-tax-term\">acomiadament laboral<\/a>","<a href=\"https:\/\/revista-apunts.com\/ca\/category\/apunts-per-al-segle-xxi\/\" class=\"advgb-post-tax-term\">contracte de treball<\/a>","<a href=\"https:\/\/revista-apunts.com\/ca\/category\/apunts-per-al-segle-xxi\/\" class=\"advgb-post-tax-term\">esportista professional<\/a>"],"unlinked":["<span class=\"advgb-post-tax-term\">acomiadament laboral<\/span>","<span class=\"advgb-post-tax-term\">contracte de treball<\/span>","<span class=\"advgb-post-tax-term\">esportista professional<\/span>"]}},"comment_count":"0","relative_dates":{"created":"Posted 6 anys ago","modified":"Updated 5 anys ago"},"absolute_dates":{"created":"Posted on 27 octubre 2020","modified":"Updated on 11 desembre 2020"},"absolute_dates_time":{"created":"Posted on 27 octubre 2020 11:11","modified":"Updated on 11 desembre 2020 10:48"},"featured_img_caption":"","series_order":"","_links":{"self":[{"href":"https:\/\/revista-apunts.com\/ca\/wp-json\/wp\/v2\/posts\/10888\/"}],"collection":[{"href":"https:\/\/revista-apunts.com\/ca\/wp-json\/wp\/v2\/posts\/"}],"about":[{"href":"https:\/\/revista-apunts.com\/ca\/wp-json\/wp\/v2\/types\/post\/"}],"author":[{"embeddable":true,"href":"https:\/\/revista-apunts.com\/ca\/wp-json\/wp\/v2\/users\/1\/"}],"replies":[{"embeddable":true,"href":"https:\/\/revista-apunts.com\/ca\/wp-json\/wp\/v2\/comments\/?post=10888"}],"version-history":[{"count":1,"href":"https:\/\/revista-apunts.com\/ca\/wp-json\/wp\/v2\/posts\/10888\/revisions\/"}],"predecessor-version":[{"id":33959,"href":"https:\/\/revista-apunts.com\/ca\/wp-json\/wp\/v2\/posts\/10888\/revisions\/33959\/"}],"wp:attachment":[{"href":"https:\/\/revista-apunts.com\/ca\/wp-json\/wp\/v2\/media\/?parent=10888"}],"wp:term":[{"taxonomy":"category","embeddable":true,"href":"https:\/\/revista-apunts.com\/ca\/wp-json\/wp\/v2\/categories\/?post=10888"},{"taxonomy":"post_tag","embeddable":true,"href":"https:\/\/revista-apunts.com\/ca\/wp-json\/wp\/v2\/tags\/?post=10888"}],"curies":[{"name":"wp","href":"https:\/\/api.w.org\/{rel}","templated":true}]}}