{"id":10887,"date":"2020-10-27T11:11:16","date_gmt":"2020-10-27T11:11:16","guid":{"rendered":"https:\/\/revista-apunts.com\/?p=10887"},"modified":"2020-12-11T10:38:34","modified_gmt":"2020-12-11T10:38:34","slug":"el-proces-de-professionalitzacio-dels-recursos-humans-de-les-associacions-esportives-a-espanya","status":"publish","type":"post","link":"https:\/\/revista-apunts.com\/ca\/el-proces-de-professionalitzacio-dels-recursos-humans-de-les-associacions-esportives-a-espanya\/","title":{"rendered":"El proc\u00e9s de professionalitzaci\u00f3 dels recursos humans de les associacions esportives a Espanya"},"content":{"rendered":"\n<h2 class=\"wp-block-heading\">Resum<\/h2>\n\n\n<div align=\"\">\n<p class=\"journal-abstract\">L&#8217;article enfoca, des d&#8217;una perspectiva diacr\u00f2nica, la professionalitzaci\u00f3 de les associacions esportives a Espanya i persegueix quatre objectius: 1) mostrar el grau incipient de professionalitzaci\u00f3 de la majoria de les associacions esporti- ves; 2) mostrar, tamb\u00e9, com les associa\u00a1cions que han iniciat un proc\u00e9s de transici\u00f3 cap a noves cultures organitzadores inherents al proc\u00e9s d&#8217; heterogene\u00eftzaci\u00f3 de l&#8217;esport s\u00f3n escasses; 3) avan\u00e7ar en la teoritzaci\u00f3 del mercat de treball de l&#8217;esport i 4) investigar al voltant de les possibles perspectives d&#8217;evoluci\u00f3 de la professionalitzaci\u00f3 en aquestes associacions. Respecte a la metodologia, s&#8217;ha utilitzat la t\u00e8cnica d&#8217; \u00aban\u00e0lisi secun- d\u00e0ria\u00bb de les dades prim\u00e0ries obtingudes en investigacions anteriors realitzades fonamentalment pel propi autor.<\/p>\n<\/div>\n\n <div class=\"tags\"> <p><strong>Paraules clau:<\/strong> <span>an\u00e0lisi diacr\u00f2nica<\/span>, <span>an\u00e0lisi secund\u00e0ria<\/span>, <span>associacions esportives<\/span>, <span>mercat esportiu laboral<\/span>, <span>prospectiva<\/span>, <span>sociologia de les organitzacions volunt\u00e0ries<\/span><\/p> <\/div> \n","protected":false},"excerpt":{"rendered":"<p>Resum L&#8217;article enfoca, des d&#8217;una perspectiva diacr\u00f2nica, la professionalitzaci\u00f3 de les associacions esportives a Espanya i persegueix quatre objectius: 1) mostrar el grau incipient de professionalitzaci\u00f3 de la majoria de les associacions esporti- ves; 2) mostrar, tamb\u00e9, com les associa\u00a1cions que han iniciat un proc\u00e9s de transici\u00f3 cap a noves cultures organitzadores inherents al proc\u00e9s [&hellip;]<\/p>\n","protected":false},"author":1,"featured_media":0,"comment_status":"open","ping_status":"open","sticky":false,"template":"","format":"standard","meta":{"_editorskit_title_hidden":false,"_editorskit_reading_time":1,"_editorskit_is_block_options_detached":false,"_editorskit_block_options_position":"{}","inline_featured_image":false,"advgb_blocks_editor_width":"","advgb_blocks_columns_visual_guide":"","footnotes":""},"categories":[8509],"tags":[4840,4841,4838,4839,2000,4830],"author_meta":{"display_name":"doc_inefc","author_link":"https:\/\/revista-apunts.com\/ca\/author\/doc_inefc\/"},"featured_img":null,"coauthors":[],"tax_additional":{"categories":{"linked":["<a href=\"https:\/\/revista-apunts.com\/ca\/category\/apunts-per-al-segle-xxi\/\" class=\"advgb-post-tax-term\">Apunts per al segle XXI<\/a>"],"unlinked":["<span class=\"advgb-post-tax-term\">Apunts per al segle XXI<\/span>"]},"tags":{"linked":["<a href=\"https:\/\/revista-apunts.com\/ca\/category\/apunts-per-al-segle-xxi\/\" class=\"advgb-post-tax-term\">an\u00e0lisi diacr\u00f2nica<\/a>","<a href=\"https:\/\/revista-apunts.com\/ca\/category\/apunts-per-al-segle-xxi\/\" class=\"advgb-post-tax-term\">an\u00e0lisi secund\u00e0ria<\/a>","<a href=\"https:\/\/revista-apunts.com\/ca\/category\/apunts-per-al-segle-xxi\/\" class=\"advgb-post-tax-term\">associacions esportives<\/a>","<a href=\"https:\/\/revista-apunts.com\/ca\/category\/apunts-per-al-segle-xxi\/\" class=\"advgb-post-tax-term\">mercat esportiu laboral<\/a>","<a href=\"https:\/\/revista-apunts.com\/ca\/category\/apunts-per-al-segle-xxi\/\" class=\"advgb-post-tax-term\">prospectiva<\/a>","<a href=\"https:\/\/revista-apunts.com\/ca\/category\/apunts-per-al-segle-xxi\/\" class=\"advgb-post-tax-term\">sociologia de les organitzacions volunt\u00e0ries<\/a>"],"unlinked":["<span class=\"advgb-post-tax-term\">an\u00e0lisi diacr\u00f2nica<\/span>","<span class=\"advgb-post-tax-term\">an\u00e0lisi secund\u00e0ria<\/span>","<span class=\"advgb-post-tax-term\">associacions esportives<\/span>","<span class=\"advgb-post-tax-term\">mercat esportiu laboral<\/span>","<span class=\"advgb-post-tax-term\">prospectiva<\/span>","<span class=\"advgb-post-tax-term\">sociologia de les organitzacions volunt\u00e0ries<\/span>"]}},"comment_count":"0","relative_dates":{"created":"Posted 6 anys ago","modified":"Updated 5 anys ago"},"absolute_dates":{"created":"Posted on 27 octubre 2020","modified":"Updated on 11 desembre 2020"},"absolute_dates_time":{"created":"Posted on 27 octubre 2020 11:11","modified":"Updated on 11 desembre 2020 10:38"},"featured_img_caption":"","series_order":"","_links":{"self":[{"href":"https:\/\/revista-apunts.com\/ca\/wp-json\/wp\/v2\/posts\/10887\/"}],"collection":[{"href":"https:\/\/revista-apunts.com\/ca\/wp-json\/wp\/v2\/posts\/"}],"about":[{"href":"https:\/\/revista-apunts.com\/ca\/wp-json\/wp\/v2\/types\/post\/"}],"author":[{"embeddable":true,"href":"https:\/\/revista-apunts.com\/ca\/wp-json\/wp\/v2\/users\/1\/"}],"replies":[{"embeddable":true,"href":"https:\/\/revista-apunts.com\/ca\/wp-json\/wp\/v2\/comments\/?post=10887"}],"version-history":[{"count":1,"href":"https:\/\/revista-apunts.com\/ca\/wp-json\/wp\/v2\/posts\/10887\/revisions\/"}],"predecessor-version":[{"id":33954,"href":"https:\/\/revista-apunts.com\/ca\/wp-json\/wp\/v2\/posts\/10887\/revisions\/33954\/"}],"wp:attachment":[{"href":"https:\/\/revista-apunts.com\/ca\/wp-json\/wp\/v2\/media\/?parent=10887"}],"wp:term":[{"taxonomy":"category","embeddable":true,"href":"https:\/\/revista-apunts.com\/ca\/wp-json\/wp\/v2\/categories\/?post=10887"},{"taxonomy":"post_tag","embeddable":true,"href":"https:\/\/revista-apunts.com\/ca\/wp-json\/wp\/v2\/tags\/?post=10887"}],"curies":[{"name":"wp","href":"https:\/\/api.w.org\/{rel}","templated":true}]}}