{"id":10869,"date":"2020-10-27T11:11:06","date_gmt":"2020-10-27T11:11:06","guid":{"rendered":"https:\/\/revista-apunts.com\/?p=10869"},"modified":"2020-12-27T16:21:06","modified_gmt":"2020-12-27T16:21:06","slug":"avui-es-un-dia-de-festa","status":"publish","type":"post","link":"https:\/\/revista-apunts.com\/ca\/avui-es-un-dia-de-festa\/","title":{"rendered":"Avui \u00e9s un dia de festa"},"content":{"rendered":"\n<h2 class=\"wp-block-heading\">Resum<\/h2>\n\n\n<div align=\"\">\n<p class=\"journal-abstract\">Avui \u00e9s un dia de festa, la revista de l&#8217;INEFCApunts. Educaci\u00f3 F\u00edsica i esports compleix cinquanta n\u00fameros ininterromputs. Es va comen\u00e7ar aquest cam\u00ed a l&#8217;octubre de 1985 com Apunts. Educaci\u00f3 F\u00edsica heretant el nom i l&#8217;empremta de la seva progenitora Apunts d&#8217;Educaci\u00f3 F\u00edsica i Medicina de l&#8217;Esport, que va ser creada el 1964 amb el nom d&#8217; Apunts de Medicina Esportiva, de la qual se&#8217;n va separar. En tots aquest anys s&#8217;ha escrit una bonica hist\u00f2ria que avui intentem recomposar a trav\u00e9s dels seus protagonistes. Hem convidat totes les persones que, en el passat, van tenir la responsabilitat de dirigir la nostra revista perqu\u00e8 ens expliquin la seva experi\u00e8ncia i ens manifestin les seves impressions en aquest aniversari, que serviran com a punt de trobada entre el passat i el present. D&#8217;una banda volem retre homenatge a totes aquelles persones que amb la seva il-lusi\u00f3 , esfor\u00e7 i ambici\u00f3 professional van saber conduir aquesta publicaci\u00f3 al lloc que ocupa avui en dia. D&#8217;altra part, aprofitem la celebraci\u00f3 com a punt d&#8217;inflexi\u00f3 i an\u00e0lisi del nostre projecte editorial, per la qual cosa hem encomenat a un equip independent un estudi de l&#8217;impacte de la revista entre les publicacions cient\u00edfiques i t\u00e8cniques de l&#8217;educaci\u00f3 f\u00edsica i l&#8217;esport en llengua espanyola. En aquest estudi, el desenvolupament i resultats del qual estan continguts en el primer article d&#8217;aquest n\u00famero especial \u00abAn\u00e0lisi sistem\u00e0tica de la rellev\u00e0ncia de les revistes cientificot\u00e8cniques en ci\u00e8ncies de l&#8217;esport en llengua espanyola\u00bb, es considera la nostra revista m\u00e9s cient\u00edfica que t\u00e8cnica i se la situa com la principal publicaci\u00f3 en el desenvolupament i divulgaci\u00f3 del coneixement cient\u00edfic en llengua espanyola.<\/p>\n<\/div>\n\n\n","protected":false},"excerpt":{"rendered":"<p>Resum Avui \u00e9s un dia de festa, la revista de l&#8217;INEFCApunts. Educaci\u00f3 F\u00edsica i esports compleix cinquanta n\u00fameros ininterromputs. Es va comen\u00e7ar aquest cam\u00ed a l&#8217;octubre de 1985 com Apunts. Educaci\u00f3 F\u00edsica heretant el nom i l&#8217;empremta de la seva progenitora Apunts d&#8217;Educaci\u00f3 F\u00edsica i Medicina de l&#8217;Esport, que va ser creada el 1964 amb [&hellip;]<\/p>\n","protected":false},"author":1,"featured_media":0,"comment_status":"open","ping_status":"open","sticky":false,"template":"","format":"standard","meta":{"_editorskit_title_hidden":false,"_editorskit_reading_time":1,"_editorskit_is_block_options_detached":false,"_editorskit_block_options_position":"{}","inline_featured_image":false,"advgb_blocks_editor_width":"","advgb_blocks_columns_visual_guide":"","footnotes":""},"categories":[8509],"tags":[],"author_meta":{"display_name":"doc_inefc","author_link":"https:\/\/revista-apunts.com\/ca\/author\/doc_inefc\/"},"featured_img":null,"coauthors":[],"tax_additional":{"categories":{"linked":["<a href=\"https:\/\/revista-apunts.com\/ca\/category\/apunts-per-al-segle-xxi\/\" class=\"advgb-post-tax-term\">Apunts per al segle XXI<\/a>"],"unlinked":["<span class=\"advgb-post-tax-term\">Apunts per al segle XXI<\/span>"]}},"comment_count":"0","relative_dates":{"created":"Posted 6 anys ago","modified":"Updated 5 anys ago"},"absolute_dates":{"created":"Posted on 27 octubre 2020","modified":"Updated on 27 desembre 2020"},"absolute_dates_time":{"created":"Posted on 27 octubre 2020 11:11","modified":"Updated on 27 desembre 2020 16:21"},"featured_img_caption":"","series_order":"","_links":{"self":[{"href":"https:\/\/revista-apunts.com\/ca\/wp-json\/wp\/v2\/posts\/10869\/"}],"collection":[{"href":"https:\/\/revista-apunts.com\/ca\/wp-json\/wp\/v2\/posts\/"}],"about":[{"href":"https:\/\/revista-apunts.com\/ca\/wp-json\/wp\/v2\/types\/post\/"}],"author":[{"embeddable":true,"href":"https:\/\/revista-apunts.com\/ca\/wp-json\/wp\/v2\/users\/1\/"}],"replies":[{"embeddable":true,"href":"https:\/\/revista-apunts.com\/ca\/wp-json\/wp\/v2\/comments\/?post=10869"}],"version-history":[{"count":1,"href":"https:\/\/revista-apunts.com\/ca\/wp-json\/wp\/v2\/posts\/10869\/revisions\/"}],"predecessor-version":[{"id":35831,"href":"https:\/\/revista-apunts.com\/ca\/wp-json\/wp\/v2\/posts\/10869\/revisions\/35831\/"}],"wp:attachment":[{"href":"https:\/\/revista-apunts.com\/ca\/wp-json\/wp\/v2\/media\/?parent=10869"}],"wp:term":[{"taxonomy":"category","embeddable":true,"href":"https:\/\/revista-apunts.com\/ca\/wp-json\/wp\/v2\/categories\/?post=10869"},{"taxonomy":"post_tag","embeddable":true,"href":"https:\/\/revista-apunts.com\/ca\/wp-json\/wp\/v2\/tags\/?post=10869"}],"curies":[{"name":"wp","href":"https:\/\/api.w.org\/{rel}","templated":true}]}}