{"id":10831,"date":"2020-10-27T11:10:48","date_gmt":"2020-10-27T11:10:48","guid":{"rendered":"https:\/\/revista-apunts.com\/?p=10831"},"modified":"2020-12-16T12:56:41","modified_gmt":"2020-12-16T12:56:41","slug":"la-percepcio-del-temps-a-lactivitat-esportiva","status":"publish","type":"post","link":"https:\/\/revista-apunts.com\/ca\/la-percepcio-del-temps-a-lactivitat-esportiva\/","title":{"rendered":"La percepci\u00f3 del temps a l&#8217;activitat esportiva"},"content":{"rendered":"\n<h2 class=\"wp-block-heading\">Resum<\/h2>\n\n\n<div align=\"\">\n<p class=\"journal-abstract\">Es presenta una taxonomia que permet agrupar les tasques o situacions esportives \u2014amb independ\u00e8ncia de l&#8217;esport de qu\u00e8 es tracti\u2014 en funci\u00f3 de l&#8217;alteraci\u00f3 que s\u00f3n susceptibles de produir en la percepci\u00f3 del pas del temps de l&#8217;esportista. Es considera que una classificaci\u00f3 d&#8217;aquest tipus pot ajudar els psic\u00f2legs de l&#8217;esport, els entrenadors i els propis atletes a analitzar, en una primera aproximaci\u00f3, la dimensi\u00f3 temporal de situacions de la pr\u00e0ctica esportiva amb capacitat per generar problemes de concentraci\u00f3. Probablement, un dels aspectes susceptibles de ser millorat \u00e9s el tractament dels temps d&#8217;espera abans o entre les competicions, els quals, moltes vegades, originen un estr\u00e8s situacional en gran part evitable o atenuable. Es proposa un instrument d&#8217;avaluaci\u00f3 temporal per portar a terme aquesta tasca.<\/p>\n<\/div>\n\n <div class=\"tags\"> <p><strong>Paraules clau:<\/strong> <span>concentraci\u00f3<\/span>, <span>estimaci\u00f3 subjectiva del pas del temps<\/span>, <span>percepci\u00f3 del temps<\/span><\/p> <\/div> \n","protected":false},"excerpt":{"rendered":"<p>Resum Es presenta una taxonomia que permet agrupar les tasques o situacions esportives \u2014amb independ\u00e8ncia de l&#8217;esport de qu\u00e8 es tracti\u2014 en funci\u00f3 de l&#8217;alteraci\u00f3 que s\u00f3n susceptibles de produir en la percepci\u00f3 del pas del temps de l&#8217;esportista. Es considera que una classificaci\u00f3 d&#8217;aquest tipus pot ajudar els psic\u00f2legs de l&#8217;esport, els entrenadors i [&hellip;]<\/p>\n","protected":false},"author":1,"featured_media":0,"comment_status":"open","ping_status":"open","sticky":false,"template":"","format":"standard","meta":{"_editorskit_title_hidden":false,"_editorskit_reading_time":1,"_editorskit_is_block_options_detached":false,"_editorskit_block_options_position":"{}","inline_featured_image":false,"advgb_blocks_editor_width":"","advgb_blocks_columns_visual_guide":"","footnotes":""},"categories":[8509],"tags":[4719,4793,4792],"author_meta":{"display_name":"doc_inefc","author_link":"https:\/\/revista-apunts.com\/ca\/author\/doc_inefc\/"},"featured_img":null,"coauthors":[],"tax_additional":{"categories":{"linked":["<a href=\"https:\/\/revista-apunts.com\/ca\/category\/apunts-per-al-segle-xxi\/\" class=\"advgb-post-tax-term\">Apunts per al segle XXI<\/a>"],"unlinked":["<span class=\"advgb-post-tax-term\">Apunts per al segle XXI<\/span>"]},"tags":{"linked":["<a href=\"https:\/\/revista-apunts.com\/ca\/category\/apunts-per-al-segle-xxi\/\" class=\"advgb-post-tax-term\">concentraci\u00f3<\/a>","<a href=\"https:\/\/revista-apunts.com\/ca\/category\/apunts-per-al-segle-xxi\/\" class=\"advgb-post-tax-term\">estimaci\u00f3 subjectiva del pas del temps<\/a>","<a href=\"https:\/\/revista-apunts.com\/ca\/category\/apunts-per-al-segle-xxi\/\" class=\"advgb-post-tax-term\">percepci\u00f3 del temps<\/a>"],"unlinked":["<span class=\"advgb-post-tax-term\">concentraci\u00f3<\/span>","<span class=\"advgb-post-tax-term\">estimaci\u00f3 subjectiva del pas del temps<\/span>","<span class=\"advgb-post-tax-term\">percepci\u00f3 del temps<\/span>"]}},"comment_count":"0","relative_dates":{"created":"Posted 5 anys ago","modified":"Updated 5 anys ago"},"absolute_dates":{"created":"Posted on 27 octubre 2020","modified":"Updated on 16 desembre 2020"},"absolute_dates_time":{"created":"Posted on 27 octubre 2020 11:10","modified":"Updated on 16 desembre 2020 12:56"},"featured_img_caption":"","series_order":"","_links":{"self":[{"href":"https:\/\/revista-apunts.com\/ca\/wp-json\/wp\/v2\/posts\/10831\/"}],"collection":[{"href":"https:\/\/revista-apunts.com\/ca\/wp-json\/wp\/v2\/posts\/"}],"about":[{"href":"https:\/\/revista-apunts.com\/ca\/wp-json\/wp\/v2\/types\/post\/"}],"author":[{"embeddable":true,"href":"https:\/\/revista-apunts.com\/ca\/wp-json\/wp\/v2\/users\/1\/"}],"replies":[{"embeddable":true,"href":"https:\/\/revista-apunts.com\/ca\/wp-json\/wp\/v2\/comments\/?post=10831"}],"version-history":[{"count":1,"href":"https:\/\/revista-apunts.com\/ca\/wp-json\/wp\/v2\/posts\/10831\/revisions\/"}],"predecessor-version":[{"id":34550,"href":"https:\/\/revista-apunts.com\/ca\/wp-json\/wp\/v2\/posts\/10831\/revisions\/34550\/"}],"wp:attachment":[{"href":"https:\/\/revista-apunts.com\/ca\/wp-json\/wp\/v2\/media\/?parent=10831"}],"wp:term":[{"taxonomy":"category","embeddable":true,"href":"https:\/\/revista-apunts.com\/ca\/wp-json\/wp\/v2\/categories\/?post=10831"},{"taxonomy":"post_tag","embeddable":true,"href":"https:\/\/revista-apunts.com\/ca\/wp-json\/wp\/v2\/tags\/?post=10831"}],"curies":[{"name":"wp","href":"https:\/\/api.w.org\/{rel}","templated":true}]}}