{"id":10810,"date":"2020-10-27T11:10:37","date_gmt":"2020-10-27T11:10:37","guid":{"rendered":"https:\/\/revista-apunts.com\/?p=10810"},"modified":"2020-12-14T08:56:04","modified_gmt":"2020-12-14T08:56:04","slug":"espai-public-i-esport-de-la-reflexio-a-la-intervencio-algunes-propostes","status":"publish","type":"post","link":"https:\/\/revista-apunts.com\/ca\/espai-public-i-esport-de-la-reflexio-a-la-intervencio-algunes-propostes\/","title":{"rendered":"Espai p\u00fablic i esport: de la reflexi\u00f3 a la intervenci\u00f3. Algunes propostes"},"content":{"rendered":"\n<h2 class=\"wp-block-heading\">Resum<\/h2>\n\n\n<div align=\"\">L\u2019article presenta un seguit de propostes d\u2019intervenci\u00f3 que es deriven dels resultats de les investigacions realitzades a Barcelona sobre l\u2019esport als espais p\u00fablics urbans. Se centra en tres aspectes considerats essencials: l\u2019esport practicat als espais p\u00fablics urbans \u00e9s un capital social; aquest capital es genera quan els espais p\u00fablics estan concebuts perqu\u00e8 siguin llocs de trobada i no de passada; i els espais p\u00fablics urbans, en conjunt, s\u00f3n llocs d\u2019aprenentatge de la ciutadania. En la conclusi\u00f3 se suggereixen actuacions per millorar la situaci\u00f3 existent i posar remei a alguns dels d\u00e8ficits que s\u2019hi han observat.<br \/>\n<p>\u00a0<\/p>\n<\/div>\n\n <div class=\"tags\"> <p><strong>Paraules clau:<\/strong> <span>espais p\u00fablics urbans<\/span>, <span>gesti\u00f3 esportiva<\/span>, <span>propostes d\u2019actuaci\u00f3<\/span>, <span>xarxes socials<\/span><\/p> <\/div> \n","protected":false},"excerpt":{"rendered":"<p>Resum L\u2019article presenta un seguit de propostes d\u2019intervenci\u00f3 que es deriven dels resultats de les investigacions realitzades a Barcelona sobre l\u2019esport als espais p\u00fablics urbans. Se centra en tres aspectes considerats essencials: l\u2019esport practicat als espais p\u00fablics urbans \u00e9s un capital social; aquest capital es genera quan els espais p\u00fablics estan concebuts perqu\u00e8 siguin llocs [&hellip;]<\/p>\n","protected":false},"author":1,"featured_media":0,"comment_status":"open","ping_status":"open","sticky":false,"template":"","format":"standard","meta":{"_editorskit_title_hidden":false,"_editorskit_reading_time":1,"_editorskit_is_block_options_detached":false,"_editorskit_block_options_position":"{}","inline_featured_image":false,"advgb_blocks_editor_width":"","advgb_blocks_columns_visual_guide":"","footnotes":""},"categories":[8509],"tags":[3970,323,4770,3972],"author_meta":{"display_name":"doc_inefc","author_link":"https:\/\/revista-apunts.com\/ca\/author\/doc_inefc\/"},"featured_img":null,"coauthors":[],"tax_additional":{"categories":{"linked":["<a href=\"https:\/\/revista-apunts.com\/ca\/category\/apunts-per-al-segle-xxi\/\" class=\"advgb-post-tax-term\">Apunts per al segle XXI<\/a>"],"unlinked":["<span class=\"advgb-post-tax-term\">Apunts per al segle XXI<\/span>"]},"tags":{"linked":["<a href=\"https:\/\/revista-apunts.com\/ca\/category\/apunts-per-al-segle-xxi\/\" class=\"advgb-post-tax-term\">espais p\u00fablics urbans<\/a>","<a href=\"https:\/\/revista-apunts.com\/ca\/category\/apunts-per-al-segle-xxi\/\" class=\"advgb-post-tax-term\">gesti\u00f3 esportiva<\/a>","<a href=\"https:\/\/revista-apunts.com\/ca\/category\/apunts-per-al-segle-xxi\/\" class=\"advgb-post-tax-term\">propostes d\u2019actuaci\u00f3<\/a>","<a href=\"https:\/\/revista-apunts.com\/ca\/category\/apunts-per-al-segle-xxi\/\" class=\"advgb-post-tax-term\">xarxes socials<\/a>"],"unlinked":["<span class=\"advgb-post-tax-term\">espais p\u00fablics urbans<\/span>","<span class=\"advgb-post-tax-term\">gesti\u00f3 esportiva<\/span>","<span class=\"advgb-post-tax-term\">propostes d\u2019actuaci\u00f3<\/span>","<span class=\"advgb-post-tax-term\">xarxes socials<\/span>"]}},"comment_count":"0","relative_dates":{"created":"Posted 6 anys ago","modified":"Updated 5 anys ago"},"absolute_dates":{"created":"Posted on 27 octubre 2020","modified":"Updated on 14 desembre 2020"},"absolute_dates_time":{"created":"Posted on 27 octubre 2020 11:10","modified":"Updated on 14 desembre 2020 08:56"},"featured_img_caption":"","series_order":"","_links":{"self":[{"href":"https:\/\/revista-apunts.com\/ca\/wp-json\/wp\/v2\/posts\/10810\/"}],"collection":[{"href":"https:\/\/revista-apunts.com\/ca\/wp-json\/wp\/v2\/posts\/"}],"about":[{"href":"https:\/\/revista-apunts.com\/ca\/wp-json\/wp\/v2\/types\/post\/"}],"author":[{"embeddable":true,"href":"https:\/\/revista-apunts.com\/ca\/wp-json\/wp\/v2\/users\/1\/"}],"replies":[{"embeddable":true,"href":"https:\/\/revista-apunts.com\/ca\/wp-json\/wp\/v2\/comments\/?post=10810"}],"version-history":[{"count":1,"href":"https:\/\/revista-apunts.com\/ca\/wp-json\/wp\/v2\/posts\/10810\/revisions\/"}],"predecessor-version":[{"id":34070,"href":"https:\/\/revista-apunts.com\/ca\/wp-json\/wp\/v2\/posts\/10810\/revisions\/34070\/"}],"wp:attachment":[{"href":"https:\/\/revista-apunts.com\/ca\/wp-json\/wp\/v2\/media\/?parent=10810"}],"wp:term":[{"taxonomy":"category","embeddable":true,"href":"https:\/\/revista-apunts.com\/ca\/wp-json\/wp\/v2\/categories\/?post=10810"},{"taxonomy":"post_tag","embeddable":true,"href":"https:\/\/revista-apunts.com\/ca\/wp-json\/wp\/v2\/tags\/?post=10810"}],"curies":[{"name":"wp","href":"https:\/\/api.w.org\/{rel}","templated":true}]}}