{"id":10806,"date":"2020-10-27T11:10:37","date_gmt":"2020-10-27T11:10:37","guid":{"rendered":"https:\/\/revista-apunts.com\/?p=10806"},"modified":"2020-12-14T08:31:00","modified_gmt":"2020-12-14T08:31:00","slug":"els-codis-visuals-associats-a-lesportuna-interpretacio-de-lespai-public","status":"publish","type":"post","link":"https:\/\/revista-apunts.com\/ca\/els-codis-visuals-associats-a-lesportuna-interpretacio-de-lespai-public\/","title":{"rendered":"Els codis visuals associats a l\u2019esport:\nuna interpretaci\u00f3 de l\u2019espai p\u00fablic"},"content":{"rendered":"\n<h2 class=\"wp-block-heading\">Resum<\/h2>\n\n\n<div align=\"\">Aquest article se centra en alguns temes descoberts mitjan\u00e7ant l\u2019an\u00e0lisi de l\u2019aspecte visual o del disseny realitzat en els estudis d\u2019espais p\u00fablics que s\u2019utilitzen per a les activitats esportives. Es basa en la investigaci\u00f3 realitzada sobre xarxes socials als espais p\u00fablics de Barcelona (Puig i Maza, 2008) L\u2019article es fonamenta en la idea que el desenvolupament de xarxes socials a trav\u00e9s de la pr\u00e0ctica de l\u2019esport en espais p\u00fablics, millora la possibilitat de mantenir l\u2019anomenada \u00abqualitat de vida\u00bb als espais esmentats i per a les persones que s\u2019hi troben. L\u2019objectiu concret \u00e9s, sobre la base de la perspectiva de la pr\u00e0ctica \u00abcentrada en l\u2019usuari\u00bb, analitzar com es poden combinar determinats elements existents als espais p\u00fablics per definir o comunicar codis visuals, que per a molta gent no s\u00f3n sin\u00f3 petits elements sense interconnexi\u00f3, per\u00f2 que per als qui practiquen uns esports determinats, s\u00f3n \u2018ingredients\u2019 b\u00e0sics, buscats per la mateixa activitat esportiva i per les xarxes socials que s\u2019hi associen. De la mateixa manera, els \u2018codis visuals\u2019 emesos per un espai indiquen si en aquest s\u2019hi \u2018practica\u2019 un esport concret, o no, la forma com es realitza i qui hi pren part.<br \/>\n<p>\u00a0<\/p>\n<\/div>\n\n <div class=\"tags\"> <p><strong>Paraules clau:<\/strong> <span>apropiaci\u00f3<\/span>, <span>codi visual<\/span>, <span>disseny de l\u2019espai<\/span>, <span>interpretaci\u00f3<\/span>, <span>possibilitat<\/span><\/p> <\/div> \n","protected":false},"excerpt":{"rendered":"<p>Resum Aquest article se centra en alguns temes descoberts mitjan\u00e7ant l\u2019an\u00e0lisi de l\u2019aspecte visual o del disseny realitzat en els estudis d\u2019espais p\u00fablics que s\u2019utilitzen per a les activitats esportives. Es basa en la investigaci\u00f3 realitzada sobre xarxes socials als espais p\u00fablics de Barcelona (Puig i Maza, 2008) L\u2019article es fonamenta en la idea que [&hellip;]<\/p>\n","protected":false},"author":1,"featured_media":0,"comment_status":"open","ping_status":"open","sticky":false,"template":"","format":"standard","meta":{"_editorskit_title_hidden":false,"_editorskit_reading_time":1,"_editorskit_is_block_options_detached":false,"_editorskit_block_options_position":"{}","inline_featured_image":false,"advgb_blocks_editor_width":"","advgb_blocks_columns_visual_guide":"","footnotes":""},"categories":[8509],"tags":[4756,4754,4752,4753,4755],"author_meta":{"display_name":"doc_inefc","author_link":"https:\/\/revista-apunts.com\/ca\/author\/doc_inefc\/"},"featured_img":null,"coauthors":[],"tax_additional":{"categories":{"linked":["<a href=\"https:\/\/revista-apunts.com\/ca\/category\/apunts-per-al-segle-xxi\/\" class=\"advgb-post-tax-term\">Apunts per al segle XXI<\/a>"],"unlinked":["<span class=\"advgb-post-tax-term\">Apunts per al segle XXI<\/span>"]},"tags":{"linked":["<a href=\"https:\/\/revista-apunts.com\/ca\/category\/apunts-per-al-segle-xxi\/\" class=\"advgb-post-tax-term\">apropiaci\u00f3<\/a>","<a href=\"https:\/\/revista-apunts.com\/ca\/category\/apunts-per-al-segle-xxi\/\" class=\"advgb-post-tax-term\">codi visual<\/a>","<a href=\"https:\/\/revista-apunts.com\/ca\/category\/apunts-per-al-segle-xxi\/\" class=\"advgb-post-tax-term\">disseny de l\u2019espai<\/a>","<a href=\"https:\/\/revista-apunts.com\/ca\/category\/apunts-per-al-segle-xxi\/\" class=\"advgb-post-tax-term\">interpretaci\u00f3<\/a>","<a href=\"https:\/\/revista-apunts.com\/ca\/category\/apunts-per-al-segle-xxi\/\" class=\"advgb-post-tax-term\">possibilitat<\/a>"],"unlinked":["<span class=\"advgb-post-tax-term\">apropiaci\u00f3<\/span>","<span class=\"advgb-post-tax-term\">codi visual<\/span>","<span class=\"advgb-post-tax-term\">disseny de l\u2019espai<\/span>","<span class=\"advgb-post-tax-term\">interpretaci\u00f3<\/span>","<span class=\"advgb-post-tax-term\">possibilitat<\/span>"]}},"comment_count":"0","relative_dates":{"created":"Posted 6 anys ago","modified":"Updated 5 anys ago"},"absolute_dates":{"created":"Posted on 27 octubre 2020","modified":"Updated on 14 desembre 2020"},"absolute_dates_time":{"created":"Posted on 27 octubre 2020 11:10","modified":"Updated on 14 desembre 2020 08:31"},"featured_img_caption":"","series_order":"","_links":{"self":[{"href":"https:\/\/revista-apunts.com\/ca\/wp-json\/wp\/v2\/posts\/10806\/"}],"collection":[{"href":"https:\/\/revista-apunts.com\/ca\/wp-json\/wp\/v2\/posts\/"}],"about":[{"href":"https:\/\/revista-apunts.com\/ca\/wp-json\/wp\/v2\/types\/post\/"}],"author":[{"embeddable":true,"href":"https:\/\/revista-apunts.com\/ca\/wp-json\/wp\/v2\/users\/1\/"}],"replies":[{"embeddable":true,"href":"https:\/\/revista-apunts.com\/ca\/wp-json\/wp\/v2\/comments\/?post=10806"}],"version-history":[{"count":1,"href":"https:\/\/revista-apunts.com\/ca\/wp-json\/wp\/v2\/posts\/10806\/revisions\/"}],"predecessor-version":[{"id":34053,"href":"https:\/\/revista-apunts.com\/ca\/wp-json\/wp\/v2\/posts\/10806\/revisions\/34053\/"}],"wp:attachment":[{"href":"https:\/\/revista-apunts.com\/ca\/wp-json\/wp\/v2\/media\/?parent=10806"}],"wp:term":[{"taxonomy":"category","embeddable":true,"href":"https:\/\/revista-apunts.com\/ca\/wp-json\/wp\/v2\/categories\/?post=10806"},{"taxonomy":"post_tag","embeddable":true,"href":"https:\/\/revista-apunts.com\/ca\/wp-json\/wp\/v2\/tags\/?post=10806"}],"curies":[{"name":"wp","href":"https:\/\/api.w.org\/{rel}","templated":true}]}}