{"id":10797,"date":"2020-10-27T11:10:27","date_gmt":"2020-10-27T11:10:27","guid":{"rendered":"https:\/\/revista-apunts.com\/?p=10797"},"modified":"2020-12-03T11:38:44","modified_gmt":"2020-12-03T11:38:44","slug":"la-formacio-del-gerent-public-de-lesport","status":"publish","type":"post","link":"https:\/\/revista-apunts.com\/ca\/la-formacio-del-gerent-public-de-lesport\/","title":{"rendered":"La formaci\u00f3 del gerent p\u00fablic de l\u2019esport"},"content":{"rendered":"\n<h2 class=\"wp-block-heading\">Resum<\/h2>\n\n\n<p>Aquest article analitza les necessitats formatives dels gerents p\u00fablics de l\u2019esport, i tamb\u00e9 enumera les diferents \u00e0rees formatives que incideixen directament en la funci\u00f3 de gesti\u00f3 i aporta una aproximaci\u00f3 al curr\u00edculum professional idoni en l\u2019\u00e0mbit de la gesti\u00f3 esportiva. Alhora, identifica les mancances que pateixen actualment els gestors p\u00fablics sobre les mat\u00e8ries curriculars directament implicades en la seva professi\u00f3. Aquestes conclusions i aproximacions estan fonamentades en l\u2019estudi emp\u00edric sobre l\u2019opini\u00f3 de 33 gestors d\u2019esports de diferents municipis de la Comunitat Valenciana, despr\u00e9s d\u2019aplicar l\u2019ARENA1 (Q\u00fcestionari per a l\u2019an\u00e0lisi de la professi\u00f3 del gestor i situaci\u00f3 de la gesti\u00f3 esportiva municipal).<\/p>\n\n <div class=\"tags\"> <p><strong>Paraules clau:<\/strong> <span>administraci\u00f3 p\u00fablica<\/span>, <span>curr\u00edculum<\/span>, <span>Formaci\u00f3<\/span>, <span>gesti\u00f3<\/span><\/p> <\/div> \n","protected":false},"excerpt":{"rendered":"<p>Resum Aquest article analitza les necessitats formatives dels gerents p\u00fablics de l\u2019esport, i tamb\u00e9 enumera les diferents \u00e0rees formatives que incideixen directament en la funci\u00f3 de gesti\u00f3 i aporta una aproximaci\u00f3 al curr\u00edculum professional idoni en l\u2019\u00e0mbit de la gesti\u00f3 esportiva. Alhora, identifica les mancances que pateixen actualment els gestors p\u00fablics sobre les mat\u00e8ries curriculars [&hellip;]<\/p>\n","protected":false},"author":1,"featured_media":0,"comment_status":"open","ping_status":"open","sticky":false,"template":"","format":"standard","meta":{"_editorskit_title_hidden":false,"_editorskit_reading_time":1,"_editorskit_is_block_options_detached":false,"_editorskit_block_options_position":"{}","inline_featured_image":false,"advgb_blocks_editor_width":"","advgb_blocks_columns_visual_guide":"","footnotes":""},"categories":[59],"tags":[4580,332,3929,677],"author_meta":{"display_name":"doc_inefc","author_link":"https:\/\/revista-apunts.com\/ca\/author\/doc_inefc\/"},"featured_img":null,"coauthors":[],"tax_additional":{"categories":{"linked":["<a href=\"https:\/\/revista-apunts.com\/ca\/category\/gestio-esportiva-lleure-actiu-i-turisme\/\" class=\"advgb-post-tax-term\">Gesti\u00f3 esportiva, lleure actiu i turisme<\/a>"],"unlinked":["<span class=\"advgb-post-tax-term\">Gesti\u00f3 esportiva, lleure actiu i turisme<\/span>"]},"tags":{"linked":["<a href=\"https:\/\/revista-apunts.com\/ca\/category\/gestio-esportiva-lleure-actiu-i-turisme\/\" class=\"advgb-post-tax-term\">administraci\u00f3 p\u00fablica<\/a>","<a href=\"https:\/\/revista-apunts.com\/ca\/category\/gestio-esportiva-lleure-actiu-i-turisme\/\" class=\"advgb-post-tax-term\">curr\u00edculum<\/a>","<a href=\"https:\/\/revista-apunts.com\/ca\/category\/gestio-esportiva-lleure-actiu-i-turisme\/\" class=\"advgb-post-tax-term\">Formaci\u00f3<\/a>","<a href=\"https:\/\/revista-apunts.com\/ca\/category\/gestio-esportiva-lleure-actiu-i-turisme\/\" class=\"advgb-post-tax-term\">gesti\u00f3<\/a>"],"unlinked":["<span class=\"advgb-post-tax-term\">administraci\u00f3 p\u00fablica<\/span>","<span class=\"advgb-post-tax-term\">curr\u00edculum<\/span>","<span class=\"advgb-post-tax-term\">Formaci\u00f3<\/span>","<span class=\"advgb-post-tax-term\">gesti\u00f3<\/span>"]}},"comment_count":"0","relative_dates":{"created":"Posted 6 anys ago","modified":"Updated 5 anys ago"},"absolute_dates":{"created":"Posted on 27 octubre 2020","modified":"Updated on 3 desembre 2020"},"absolute_dates_time":{"created":"Posted on 27 octubre 2020 11:10","modified":"Updated on 3 desembre 2020 11:38"},"featured_img_caption":"","series_order":"","_links":{"self":[{"href":"https:\/\/revista-apunts.com\/ca\/wp-json\/wp\/v2\/posts\/10797\/"}],"collection":[{"href":"https:\/\/revista-apunts.com\/ca\/wp-json\/wp\/v2\/posts\/"}],"about":[{"href":"https:\/\/revista-apunts.com\/ca\/wp-json\/wp\/v2\/types\/post\/"}],"author":[{"embeddable":true,"href":"https:\/\/revista-apunts.com\/ca\/wp-json\/wp\/v2\/users\/1\/"}],"replies":[{"embeddable":true,"href":"https:\/\/revista-apunts.com\/ca\/wp-json\/wp\/v2\/comments\/?post=10797"}],"version-history":[{"count":1,"href":"https:\/\/revista-apunts.com\/ca\/wp-json\/wp\/v2\/posts\/10797\/revisions\/"}],"predecessor-version":[{"id":33098,"href":"https:\/\/revista-apunts.com\/ca\/wp-json\/wp\/v2\/posts\/10797\/revisions\/33098\/"}],"wp:attachment":[{"href":"https:\/\/revista-apunts.com\/ca\/wp-json\/wp\/v2\/media\/?parent=10797"}],"wp:term":[{"taxonomy":"category","embeddable":true,"href":"https:\/\/revista-apunts.com\/ca\/wp-json\/wp\/v2\/categories\/?post=10797"},{"taxonomy":"post_tag","embeddable":true,"href":"https:\/\/revista-apunts.com\/ca\/wp-json\/wp\/v2\/tags\/?post=10797"}],"curies":[{"name":"wp","href":"https:\/\/api.w.org\/{rel}","templated":true}]}}