{"id":10790,"date":"2020-10-27T11:10:27","date_gmt":"2020-10-27T11:10:27","guid":{"rendered":"https:\/\/revista-apunts.com\/?p=10790"},"modified":"2021-01-19T10:46:32","modified_gmt":"2021-01-19T10:46:32","slug":"el-que-pensa-lalumnat-deducacio-secundaria-sobre-les-classes-deducacio-fisica-i-no-gosa-dir-li-al-professor-a","status":"publish","type":"post","link":"https:\/\/revista-apunts.com\/ca\/el-que-pensa-lalumnat-deducacio-secundaria-sobre-les-classes-deducacio-fisica-i-no-gosa-dir-li-al-professor-a\/","title":{"rendered":"El que pensa l\u2019alumnat d\u2019educaci\u00f3 secund\u00e0ria sobre les classes d\u2019educaci\u00f3 f\u00edsica i no gosa dir-li al professor\/a"},"content":{"rendered":"\n<h2 class=\"wp-block-heading\">Resum<\/h2>\n\n\n<p>Aquesta investigaci\u00f3 es va realitzar durant el curs 1999-2000 i el seu principal objectiu va ser intentar de recollir l\u2019opini\u00f3 de l\u2019alumnat sobre qualsevol aspecte relacionat amb les classes d\u2019Educaci\u00f3 F\u00edsica. Per fer-ho es van posar dues b\u00fasties, una que s\u2019anava obrint cada dues setmanes, i una altra que no es va obrir fins al setembre, quan el professorat ja ha signat les actes, per tal de gaudir de m\u00e9s llibertat d\u2019expressi\u00f3. D\u2019altra banda, a trav\u00e9s d\u2019un diari que el professorat participant va anar elaborant tot al llarg del curs, se n\u2019ha pogut tamb\u00e9 analitzar l\u2019opini\u00f3 i la reacci\u00f3 davant els escrits de l\u2019alumnat. Aquesta experi\u00e8ncia es va realitzar amb 6 grups-classe d\u2019Educaci\u00f3 Secund\u00e0ria i amb 5 grups de la Universitat. Tanmateix, en aquest article solament es presenten els resultats obtinguts en l\u2019\u00e0mbit no universitari, ja que a la Universitat l\u2019\u00edndex de participaci\u00f3 ha estat excessivament baix. \u00a0<\/p>\n\n <div class=\"tags\"> <p><strong>Paraules clau:<\/strong> <span>alumnat<\/span>, <span>ensenyament-aprenentatge<\/span>, <span>opini\u00f3<\/span>, <span>professorat<\/span><\/p> <\/div> \n","protected":false},"excerpt":{"rendered":"<p>Resum Aquesta investigaci\u00f3 es va realitzar durant el curs 1999-2000 i el seu principal objectiu va ser intentar de recollir l\u2019opini\u00f3 de l\u2019alumnat sobre qualsevol aspecte relacionat amb les classes d\u2019Educaci\u00f3 F\u00edsica. Per fer-ho es van posar dues b\u00fasties, una que s\u2019anava obrint cada dues setmanes, i una altra que no es va obrir fins [&hellip;]<\/p>\n","protected":false},"author":1,"featured_media":0,"comment_status":"open","ping_status":"open","sticky":false,"template":"","format":"standard","meta":{"_editorskit_title_hidden":false,"_editorskit_reading_time":1,"_editorskit_is_block_options_detached":false,"_editorskit_block_options_position":"{}","inline_featured_image":false,"advgb_blocks_editor_width":"","advgb_blocks_columns_visual_guide":"","footnotes":""},"categories":[4],"tags":[177,4559,4735,515],"author_meta":{"display_name":"doc_inefc","author_link":"https:\/\/revista-apunts.com\/ca\/author\/doc_inefc\/"},"featured_img":null,"coauthors":[],"tax_additional":{"categories":{"linked":["<a href=\"https:\/\/revista-apunts.com\/ca\/category\/sense-categoria\/\" class=\"advgb-post-tax-term\">Sense categoria<\/a>"],"unlinked":["<span class=\"advgb-post-tax-term\">Sense categoria<\/span>"]},"tags":{"linked":["<a href=\"https:\/\/revista-apunts.com\/ca\/category\/sense-categoria\/\" class=\"advgb-post-tax-term\">alumnat<\/a>","<a href=\"https:\/\/revista-apunts.com\/ca\/category\/sense-categoria\/\" class=\"advgb-post-tax-term\">ensenyament-aprenentatge<\/a>","<a href=\"https:\/\/revista-apunts.com\/ca\/category\/sense-categoria\/\" class=\"advgb-post-tax-term\">opini\u00f3<\/a>","<a href=\"https:\/\/revista-apunts.com\/ca\/category\/sense-categoria\/\" class=\"advgb-post-tax-term\">professorat<\/a>"],"unlinked":["<span class=\"advgb-post-tax-term\">alumnat<\/span>","<span class=\"advgb-post-tax-term\">ensenyament-aprenentatge<\/span>","<span class=\"advgb-post-tax-term\">opini\u00f3<\/span>","<span class=\"advgb-post-tax-term\">professorat<\/span>"]}},"comment_count":"0","relative_dates":{"created":"Posted 6 anys ago","modified":"Updated 5 anys ago"},"absolute_dates":{"created":"Posted on 27 octubre 2020","modified":"Updated on 19 gener 2021"},"absolute_dates_time":{"created":"Posted on 27 octubre 2020 11:10","modified":"Updated on 19 gener 2021 10:46"},"featured_img_caption":"","series_order":"","_links":{"self":[{"href":"https:\/\/revista-apunts.com\/ca\/wp-json\/wp\/v2\/posts\/10790\/"}],"collection":[{"href":"https:\/\/revista-apunts.com\/ca\/wp-json\/wp\/v2\/posts\/"}],"about":[{"href":"https:\/\/revista-apunts.com\/ca\/wp-json\/wp\/v2\/types\/post\/"}],"author":[{"embeddable":true,"href":"https:\/\/revista-apunts.com\/ca\/wp-json\/wp\/v2\/users\/1\/"}],"replies":[{"embeddable":true,"href":"https:\/\/revista-apunts.com\/ca\/wp-json\/wp\/v2\/comments\/?post=10790"}],"version-history":[{"count":1,"href":"https:\/\/revista-apunts.com\/ca\/wp-json\/wp\/v2\/posts\/10790\/revisions\/"}],"predecessor-version":[{"id":43123,"href":"https:\/\/revista-apunts.com\/ca\/wp-json\/wp\/v2\/posts\/10790\/revisions\/43123\/"}],"wp:attachment":[{"href":"https:\/\/revista-apunts.com\/ca\/wp-json\/wp\/v2\/media\/?parent=10790"}],"wp:term":[{"taxonomy":"category","embeddable":true,"href":"https:\/\/revista-apunts.com\/ca\/wp-json\/wp\/v2\/categories\/?post=10790"},{"taxonomy":"post_tag","embeddable":true,"href":"https:\/\/revista-apunts.com\/ca\/wp-json\/wp\/v2\/tags\/?post=10790"}],"curies":[{"name":"wp","href":"https:\/\/api.w.org\/{rel}","templated":true}]}}