{"id":10781,"date":"2020-10-27T11:10:15","date_gmt":"2020-10-27T11:10:15","guid":{"rendered":"https:\/\/revista-apunts.com\/?p=10781"},"modified":"2020-12-10T08:58:27","modified_gmt":"2020-12-10T08:58:27","slug":"la-incidencia-de-la-practica-fisicoesportiva-dels-pares-cap-als-seus-fills-durant-la-infancia-i-ladolescencia","status":"publish","type":"post","link":"https:\/\/revista-apunts.com\/ca\/la-incidencia-de-la-practica-fisicoesportiva-dels-pares-cap-als-seus-fills-durant-la-infancia-i-ladolescencia\/","title":{"rendered":"La incid\u00e8ncia de la pr\u00e0ctica f\u00edsicoesportiva dels pares cap als seus fills durant la inf\u00e0ncia i l\u2019adolesc\u00e8ncia"},"content":{"rendered":"\n<h2 class=\"wp-block-heading\">Resum<\/h2>\n\n\n<p align=\"\">S\u2019ha realitzat una investigaci\u00f3 sobre els h\u00e0bits de vida en relaci\u00f3 amb la salut, concretament sobre la relaci\u00f3 existent entre els h\u00e0bits de pr\u00e0ctica d\u2019activitat f\u00edsica en escolars de prim\u00e0ria i secund\u00e0ria obligat\u00f2ria, en funci\u00f3 de la pr\u00e0ctica f\u00edsicoesportiva per part dels seus pares. Per realitzar aquesta investigaci\u00f3 s\u2019han utilitzat q\u00fcestionaris validats mitjan\u00e7ant dos estudis pilot dobles, amb les respostes a un primer i a un segon q\u00fcestionari readaptat, mitjan\u00e7ant un grup control a cadascun dels nivells educatius esmentats. Els resultats de l\u2019estudi confirmen una clara involuci\u00f3 de la pr\u00e0ctica f\u00edsica en el pas d\u2019un nivell educatiu a un altre; existeixen difer\u00e8ncies estad\u00edsticament significatives a favor dels barons. Aix\u00ed mateix, l\u2019h\u00e0bit de practicar activitat f\u00edsica sovint tant el pare com la mare del jove, afavoreix una m\u00e9s gran participaci\u00f3 esportiva per part de l\u2019escolar.<\/p>\n\n <div class=\"tags\"> <p><strong>Paraules clau:<\/strong> <span>escolars<\/span>, <span>H\u00e0bits<\/span>, <span>pares<\/span><\/p> <\/div> \n","protected":false},"excerpt":{"rendered":"<p>Resum S\u2019ha realitzat una investigaci\u00f3 sobre els h\u00e0bits de vida en relaci\u00f3 amb la salut, concretament sobre la relaci\u00f3 existent entre els h\u00e0bits de pr\u00e0ctica d\u2019activitat f\u00edsica en escolars de prim\u00e0ria i secund\u00e0ria obligat\u00f2ria, en funci\u00f3 de la pr\u00e0ctica f\u00edsicoesportiva per part dels seus pares. Per realitzar aquesta investigaci\u00f3 s\u2019han utilitzat q\u00fcestionaris validats mitjan\u00e7ant dos [&hellip;]<\/p>\n","protected":false},"author":1,"featured_media":0,"comment_status":"open","ping_status":"open","sticky":false,"template":"","format":"standard","meta":{"_editorskit_title_hidden":false,"_editorskit_reading_time":1,"_editorskit_is_block_options_detached":false,"_editorskit_block_options_position":"{}","inline_featured_image":false,"advgb_blocks_editor_width":"","advgb_blocks_columns_visual_guide":"","footnotes":""},"categories":[44],"tags":[205,4200,4726],"author_meta":{"display_name":"doc_inefc","author_link":"https:\/\/revista-apunts.com\/ca\/author\/doc_inefc\/"},"featured_img":null,"coauthors":[],"tax_additional":{"categories":{"linked":["<a href=\"https:\/\/revista-apunts.com\/ca\/category\/ciencies-humanes-i-socials-ca\/\" class=\"advgb-post-tax-term\">Ci\u00e8ncies humanes i socials<\/a>"],"unlinked":["<span class=\"advgb-post-tax-term\">Ci\u00e8ncies humanes i socials<\/span>"]},"tags":{"linked":["<a href=\"https:\/\/revista-apunts.com\/ca\/category\/ciencies-humanes-i-socials-ca\/\" class=\"advgb-post-tax-term\">escolars<\/a>","<a href=\"https:\/\/revista-apunts.com\/ca\/category\/ciencies-humanes-i-socials-ca\/\" class=\"advgb-post-tax-term\">H\u00e0bits<\/a>","<a href=\"https:\/\/revista-apunts.com\/ca\/category\/ciencies-humanes-i-socials-ca\/\" class=\"advgb-post-tax-term\">pares<\/a>"],"unlinked":["<span class=\"advgb-post-tax-term\">escolars<\/span>","<span class=\"advgb-post-tax-term\">H\u00e0bits<\/span>","<span class=\"advgb-post-tax-term\">pares<\/span>"]}},"comment_count":"0","relative_dates":{"created":"Posted 6 anys ago","modified":"Updated 5 anys ago"},"absolute_dates":{"created":"Posted on 27 octubre 2020","modified":"Updated on 10 desembre 2020"},"absolute_dates_time":{"created":"Posted on 27 octubre 2020 11:10","modified":"Updated on 10 desembre 2020 08:58"},"featured_img_caption":"","series_order":"","_links":{"self":[{"href":"https:\/\/revista-apunts.com\/ca\/wp-json\/wp\/v2\/posts\/10781\/"}],"collection":[{"href":"https:\/\/revista-apunts.com\/ca\/wp-json\/wp\/v2\/posts\/"}],"about":[{"href":"https:\/\/revista-apunts.com\/ca\/wp-json\/wp\/v2\/types\/post\/"}],"author":[{"embeddable":true,"href":"https:\/\/revista-apunts.com\/ca\/wp-json\/wp\/v2\/users\/1\/"}],"replies":[{"embeddable":true,"href":"https:\/\/revista-apunts.com\/ca\/wp-json\/wp\/v2\/comments\/?post=10781"}],"version-history":[{"count":1,"href":"https:\/\/revista-apunts.com\/ca\/wp-json\/wp\/v2\/posts\/10781\/revisions\/"}],"predecessor-version":[{"id":33682,"href":"https:\/\/revista-apunts.com\/ca\/wp-json\/wp\/v2\/posts\/10781\/revisions\/33682\/"}],"wp:attachment":[{"href":"https:\/\/revista-apunts.com\/ca\/wp-json\/wp\/v2\/media\/?parent=10781"}],"wp:term":[{"taxonomy":"category","embeddable":true,"href":"https:\/\/revista-apunts.com\/ca\/wp-json\/wp\/v2\/categories\/?post=10781"},{"taxonomy":"post_tag","embeddable":true,"href":"https:\/\/revista-apunts.com\/ca\/wp-json\/wp\/v2\/tags\/?post=10781"}],"curies":[{"name":"wp","href":"https:\/\/api.w.org\/{rel}","templated":true}]}}