{"id":10776,"date":"2020-10-27T11:10:15","date_gmt":"2020-10-27T11:10:15","guid":{"rendered":"https:\/\/revista-apunts.com\/?p=10776"},"modified":"2020-12-10T12:12:31","modified_gmt":"2020-12-10T12:12:31","slug":"discursos-i-practiques-esportives-als-espais-publics-de-la-barcelonapostolimpica","status":"publish","type":"post","link":"https:\/\/revista-apunts.com\/ca\/discursos-i-practiques-esportives-als-espais-publics-de-la-barcelonapostolimpica\/","title":{"rendered":"Discursos i pr\u00e0ctiques esportives als espais p\u00fablics de la Barcelona\npostol\u00edmpica"},"content":{"rendered":"\n<h2 class=\"wp-block-heading\">Resum<\/h2>\n\n\n<div align=\"\">El present article \u00e9s una revisi\u00f3 d\u2019alguns dels discursos entorn de l\u2019esport que es practica en l\u2019\u00e0mbit de l\u2019espai p\u00fablic de la ciutat de Barcelona tractant d\u2019analitzar la l\u00f2gica d\u2019aquestes pr\u00e0ctiques des del punt de vista dels propis practicants per\u00f2 tamb\u00e9 des dels discursos de persones com a escriptors, periodistes, pol\u00edtics, gestors&#8230; que, a trav\u00e9s de les seves declaracions, contribueixen a la construcci\u00f3 d\u2019una part d\u2019aquest tipus d\u2019experi\u00e8ncia esportiva en un context urb\u00e0. L\u2019an\u00e0lisi es focalitza en dos grups d\u2019esportistes m\u00e9s en concret com s\u00f3n els <em>skaters<\/em> d\u2019una banda i alguns grups d\u2019immigrants d\u2019origen estranger per un altre, donat l\u2019alt impacte medi\u00e0tic que les pr\u00e0ctiques d\u2019ambd\u00f3s han tingut a la ciutat, aix\u00ed com l\u2019ampli ventall de discursos contraposats que han sorgit al voltant de les mateixes.<br \/>\n<p>\u00a0<\/p>\n<\/div>\n\n <div class=\"tags\"> <p><strong>Paraules clau:<\/strong> <span>acupuntura urbana<\/span>, <span>capital social<\/span>, <span>discurs<\/span>, <span>espai p\u00fablic<\/span>, <span>xarxa<\/span><\/p> <\/div> \n","protected":false},"excerpt":{"rendered":"<p>Resum El present article \u00e9s una revisi\u00f3 d\u2019alguns dels discursos entorn de l\u2019esport que es practica en l\u2019\u00e0mbit de l\u2019espai p\u00fablic de la ciutat de Barcelona tractant d\u2019analitzar la l\u00f2gica d\u2019aquestes pr\u00e0ctiques des del punt de vista dels propis practicants per\u00f2 tamb\u00e9 des dels discursos de persones com a escriptors, periodistes, pol\u00edtics, gestors&#8230; que, a [&hellip;]<\/p>\n","protected":false},"author":1,"featured_media":0,"comment_status":"open","ping_status":"open","sticky":false,"template":"","format":"standard","meta":{"_editorskit_title_hidden":false,"_editorskit_reading_time":1,"_editorskit_is_block_options_detached":false,"_editorskit_block_options_position":"{}","inline_featured_image":false,"advgb_blocks_editor_width":"","advgb_blocks_columns_visual_guide":"","footnotes":""},"categories":[8509],"tags":[1855,1841,4716,4705,4717],"author_meta":{"display_name":"doc_inefc","author_link":"https:\/\/revista-apunts.com\/ca\/author\/doc_inefc\/"},"featured_img":null,"coauthors":[],"tax_additional":{"categories":{"linked":["<a href=\"https:\/\/revista-apunts.com\/ca\/category\/apunts-per-al-segle-xxi\/\" class=\"advgb-post-tax-term\">Apunts per al segle XXI<\/a>"],"unlinked":["<span class=\"advgb-post-tax-term\">Apunts per al segle XXI<\/span>"]},"tags":{"linked":["<a href=\"https:\/\/revista-apunts.com\/ca\/category\/apunts-per-al-segle-xxi\/\" class=\"advgb-post-tax-term\">acupuntura urbana<\/a>","<a href=\"https:\/\/revista-apunts.com\/ca\/category\/apunts-per-al-segle-xxi\/\" class=\"advgb-post-tax-term\">capital social<\/a>","<a href=\"https:\/\/revista-apunts.com\/ca\/category\/apunts-per-al-segle-xxi\/\" class=\"advgb-post-tax-term\">discurs<\/a>","<a href=\"https:\/\/revista-apunts.com\/ca\/category\/apunts-per-al-segle-xxi\/\" class=\"advgb-post-tax-term\">espai p\u00fablic<\/a>","<a href=\"https:\/\/revista-apunts.com\/ca\/category\/apunts-per-al-segle-xxi\/\" class=\"advgb-post-tax-term\">xarxa<\/a>"],"unlinked":["<span class=\"advgb-post-tax-term\">acupuntura urbana<\/span>","<span class=\"advgb-post-tax-term\">capital social<\/span>","<span class=\"advgb-post-tax-term\">discurs<\/span>","<span class=\"advgb-post-tax-term\">espai p\u00fablic<\/span>","<span class=\"advgb-post-tax-term\">xarxa<\/span>"]}},"comment_count":"0","relative_dates":{"created":"Posted 6 anys ago","modified":"Updated 5 anys ago"},"absolute_dates":{"created":"Posted on 27 octubre 2020","modified":"Updated on 10 desembre 2020"},"absolute_dates_time":{"created":"Posted on 27 octubre 2020 11:10","modified":"Updated on 10 desembre 2020 12:12"},"featured_img_caption":"","series_order":"","_links":{"self":[{"href":"https:\/\/revista-apunts.com\/ca\/wp-json\/wp\/v2\/posts\/10776\/"}],"collection":[{"href":"https:\/\/revista-apunts.com\/ca\/wp-json\/wp\/v2\/posts\/"}],"about":[{"href":"https:\/\/revista-apunts.com\/ca\/wp-json\/wp\/v2\/types\/post\/"}],"author":[{"embeddable":true,"href":"https:\/\/revista-apunts.com\/ca\/wp-json\/wp\/v2\/users\/1\/"}],"replies":[{"embeddable":true,"href":"https:\/\/revista-apunts.com\/ca\/wp-json\/wp\/v2\/comments\/?post=10776"}],"version-history":[{"count":1,"href":"https:\/\/revista-apunts.com\/ca\/wp-json\/wp\/v2\/posts\/10776\/revisions\/"}],"predecessor-version":[{"id":33874,"href":"https:\/\/revista-apunts.com\/ca\/wp-json\/wp\/v2\/posts\/10776\/revisions\/33874\/"}],"wp:attachment":[{"href":"https:\/\/revista-apunts.com\/ca\/wp-json\/wp\/v2\/media\/?parent=10776"}],"wp:term":[{"taxonomy":"category","embeddable":true,"href":"https:\/\/revista-apunts.com\/ca\/wp-json\/wp\/v2\/categories\/?post=10776"},{"taxonomy":"post_tag","embeddable":true,"href":"https:\/\/revista-apunts.com\/ca\/wp-json\/wp\/v2\/tags\/?post=10776"}],"curies":[{"name":"wp","href":"https:\/\/api.w.org\/{rel}","templated":true}]}}