{"id":10763,"date":"2020-10-27T11:10:04","date_gmt":"2020-10-27T11:10:04","guid":{"rendered":"https:\/\/revista-apunts.com\/?p=10763"},"modified":"2021-01-17T08:20:31","modified_gmt":"2021-01-17T08:20:31","slug":"els-reptes-artistics-de-rosa-serra","status":"publish","type":"post","link":"https:\/\/revista-apunts.com\/ca\/els-reptes-artistics-de-rosa-serra\/","title":{"rendered":"Els reptes art\u00edstics de Rosa Serra"},"content":{"rendered":"\n<h2 class=\"wp-block-heading\">Resum<\/h2>\n\n\n<div align=\"\">\n<p class=\"journal-abstract\">Conec la Rosa Serra des de l&#8217;any 1987, quan va presentar a Barcelona les primeres vint-i-dues peces de la Suite Ol\u00edmpica. Llavors vaig voler con\u00e8ixer els seus inicis i la seva traject\u00f2ria art\u00edstica i des d&#8217;aleshores he cregut seguir el dia a dia de la seva activitat en el m\u00f3n de l&#8217;art. D&#8217;aquest inter\u00e8s han sorgit nombrosos articles, publicats en revistes nacionals i estrangeres, al voltant de la seva obra especialment esportiva. Pensava sincerament que posse\u00efa una idea s\u00f2lida i documentada sobre la important tasca realitzada fins avui per ella. Ara b\u00e9, fa pocs mesos, la presentaci\u00f3 d&#8217;un llibre (Rosa Serra. Galeria Maria Salvat, novembre de 1999), amb text de Xavier Febr\u00e9s, il\u00b7lustres aportacions de Baltasar Porcel, Arnau Puig, Joan Antoni Samaranch i Georges-Henry Gourrier i reproduccions de m\u00e9s de duescentes obres, m&#8217;han fet veure i adonar-me del meu error. Conexia molt poc de l&#8217;obra de la Rosa i de la seva \u00e0mplia i complet\u00edssima capacitat en tots els camps de l&#8217;escultura. Dif\u00edcilment trovarem, especialment en l&#8217;actualitat, un artista creador alhora de nus femenins en les m\u00e9s variades situacions i volums; de torsos masculins, femenins i mixtes, aquests \u00faltims crec totalment originals; de maternitats, generacions i fam\u00edlies; de dones singulars com les de S&#8217;Agar\u00f3, del llac Leman, de Palma, d&#8217;Europa o de la Mediterr\u00e0nia a Girona; de monuments als nens, al pastor, a Josep Pla i la pagesia o al Dr. Trueta&#8230; de retrats, d&#8217;amics i personatges hist\u00f2rics; d&#8217;esportistes en acci\u00f3 com els de la Suite Ol\u00edmpica i molts d&#8217;altres presents en seus federatives, camps de joc i estadis d&#8217;arreu del m\u00f3n; trofeus de tot tipus, esportius o commemoratius d&#8217;esdeveniments diversos. S\u00f3n obres realitzades en petits, mitjans i grans formats, segons les trobem en col\u00b7leccions p\u00fabliques i privades o situades en grans espais rurals o urbans. I tot aix\u00f2 realitzat en un estil inconfusible, malgrat evolucionar constantment en el temps, de tipus expressionista-abstracte, amb reflexes de Manolo Hugu\u00e9, del mediterranisme de Clar\u00e0 i Maillol i molt especialment dels estilitzats volums del millor Henr\u00ed Moore. Una obra tant exuberant, que entronca classicisme i modernitat, demostra un domini absolut del cos hum\u00e0 i un continu desig de superaci\u00f3, per aconseguir v\u00e8ncer qualsevol circumst\u00e0ncia que ella mateixa es plantegi o que li hagi estat proposada.<\/p>\n<\/div>\n\n\n","protected":false},"excerpt":{"rendered":"<p>Resum Conec la Rosa Serra des de l&#8217;any 1987, quan va presentar a Barcelona les primeres vint-i-dues peces de la Suite Ol\u00edmpica. Llavors vaig voler con\u00e8ixer els seus inicis i la seva traject\u00f2ria art\u00edstica i des d&#8217;aleshores he cregut seguir el dia a dia de la seva activitat en el m\u00f3n de l&#8217;art. D&#8217;aquest inter\u00e8s [&hellip;]<\/p>\n","protected":false},"author":1,"featured_media":0,"comment_status":"open","ping_status":"open","sticky":false,"template":"","format":"standard","meta":{"_editorskit_title_hidden":false,"_editorskit_reading_time":1,"_editorskit_is_block_options_detached":false,"_editorskit_block_options_position":"{}","inline_featured_image":false,"advgb_blocks_editor_width":"","advgb_blocks_columns_visual_guide":"","footnotes":""},"categories":[9455],"tags":[],"author_meta":{"display_name":"doc_inefc","author_link":"https:\/\/revista-apunts.com\/ca\/author\/doc_inefc\/"},"featured_img":null,"coauthors":[],"tax_additional":{"categories":{"linked":["<a href=\"https:\/\/revista-apunts.com\/ca\/category\/art-i-esport-ca\/\" class=\"advgb-post-tax-term\">Art i esport<\/a>"],"unlinked":["<span class=\"advgb-post-tax-term\">Art i esport<\/span>"]}},"comment_count":"0","relative_dates":{"created":"Posted 6 anys ago","modified":"Updated 5 anys ago"},"absolute_dates":{"created":"Posted on 27 octubre 2020","modified":"Updated on 17 gener 2021"},"absolute_dates_time":{"created":"Posted on 27 octubre 2020 11:10","modified":"Updated on 17 gener 2021 08:20"},"featured_img_caption":"","series_order":"","_links":{"self":[{"href":"https:\/\/revista-apunts.com\/ca\/wp-json\/wp\/v2\/posts\/10763\/"}],"collection":[{"href":"https:\/\/revista-apunts.com\/ca\/wp-json\/wp\/v2\/posts\/"}],"about":[{"href":"https:\/\/revista-apunts.com\/ca\/wp-json\/wp\/v2\/types\/post\/"}],"author":[{"embeddable":true,"href":"https:\/\/revista-apunts.com\/ca\/wp-json\/wp\/v2\/users\/1\/"}],"replies":[{"embeddable":true,"href":"https:\/\/revista-apunts.com\/ca\/wp-json\/wp\/v2\/comments\/?post=10763"}],"version-history":[{"count":1,"href":"https:\/\/revista-apunts.com\/ca\/wp-json\/wp\/v2\/posts\/10763\/revisions\/"}],"predecessor-version":[{"id":34913,"href":"https:\/\/revista-apunts.com\/ca\/wp-json\/wp\/v2\/posts\/10763\/revisions\/34913\/"}],"wp:attachment":[{"href":"https:\/\/revista-apunts.com\/ca\/wp-json\/wp\/v2\/media\/?parent=10763"}],"wp:term":[{"taxonomy":"category","embeddable":true,"href":"https:\/\/revista-apunts.com\/ca\/wp-json\/wp\/v2\/categories\/?post=10763"},{"taxonomy":"post_tag","embeddable":true,"href":"https:\/\/revista-apunts.com\/ca\/wp-json\/wp\/v2\/tags\/?post=10763"}],"curies":[{"name":"wp","href":"https:\/\/api.w.org\/{rel}","templated":true}]}}