{"id":10746,"date":"2020-10-27T11:09:54","date_gmt":"2020-10-27T11:09:54","guid":{"rendered":"https:\/\/revista-apunts.com\/?p=10746"},"modified":"2020-12-21T09:28:02","modified_gmt":"2020-12-21T09:28:02","slug":"credit-variable-coneixer-es-estimar","status":"publish","type":"post","link":"https:\/\/revista-apunts.com\/ca\/credit-variable-coneixer-es-estimar\/","title":{"rendered":"Cr\u00e8dit variable: &#8220;Con\u00e8ixer \u00e9s estimar&#8221;"},"content":{"rendered":"\n<h2 class=\"wp-block-heading\">Resum<\/h2>\n\n\n<div align=\"\">\n<p class=\"journal-abstract\">L&#8217;article que presentem \u00e9s un recull de les parts fonamentals d&#8217;un cr\u00e8dit variable dissenyat i experimentat en un centre de Secund\u00e0ria de les rodalies de Barcelona. Forma part de la tesi de M\u00e0ster d&#8217;Activitats f\u00edsiques Adaptades presentada a l&#8217;INEFC de Barcelona amb el t\u00edtol: &#8220;Normalitzem l&#8217;esport a Secund\u00e0ria&#8221;: l\u00ednia de treball per tal de facilitar la integraci\u00f3 entre els alumnes de Secund\u00e0ria, mitjan\u00e7ant l&#8217;assignatura d&#8217;Educaci\u00f3 F\u00edsica. (Cr\u00e8dit variable, Cr\u00e8dit Com\u00fa, Cicle de grau mitj\u00e0). &#8220;Con\u00e8ixer \u00e9s estimar&#8221; pret\u00e9n donar eines de comunicaci\u00f3 entre l&#8217;alumnat de Secund\u00e0ria; sovint els alumnes tenen certa por o no saben com relacionar-se amb aquells que presenten necessitat educatives especials (n.e.e.). L&#8217;esport adaptat pot ser un punt de partida. El cr\u00e8dit est\u00e0 dissenyat de manera que tots els alumnes (amb o sense n.e.e.) en treguin el m\u00e0xim profit. Els primers extreuran i vivenciaran situacions noves i enriquidores de cara al desenvolupament de la seva personalitat, els alumnes amb n.e.e podran per primera vegada situar-se per sobre dels seus companys, les seves difer\u00e8ncies els faran respondre millor a les exig\u00e8ncies de concentraci\u00f3 o habilitat que l&#8217;esport adaptat o espec\u00edfic exigeix. Creiem sincerament que aquest cr\u00e8dit hauria de forma part de la llista de cr\u00e8dits tipificats que el Departament d&#8217;Ensenyament facilita. El treball que actualment es fa a les escoles de Prim\u00e0ria per tal de normalitzar la integraci\u00f3 no es pot veutre estruncat amb el pas a Secund\u00e0ria. L&#8217;ESO ens permet fer-ho. \u00a1Intentem-ho!<\/p>\n<\/div>\n\n\n","protected":false},"excerpt":{"rendered":"<p>Resum L&#8217;article que presentem \u00e9s un recull de les parts fonamentals d&#8217;un cr\u00e8dit variable dissenyat i experimentat en un centre de Secund\u00e0ria de les rodalies de Barcelona. Forma part de la tesi de M\u00e0ster d&#8217;Activitats f\u00edsiques Adaptades presentada a l&#8217;INEFC de Barcelona amb el t\u00edtol: &#8220;Normalitzem l&#8217;esport a Secund\u00e0ria&#8221;: l\u00ednia de treball per tal de [&hellip;]<\/p>\n","protected":false},"author":1,"featured_media":0,"comment_status":"open","ping_status":"open","sticky":false,"template":"","format":"standard","meta":{"_editorskit_title_hidden":false,"_editorskit_reading_time":1,"_editorskit_is_block_options_detached":false,"_editorskit_block_options_position":"{}","inline_featured_image":false,"advgb_blocks_editor_width":"","advgb_blocks_columns_visual_guide":"","footnotes":""},"categories":[4],"tags":[],"author_meta":{"display_name":"doc_inefc","author_link":"https:\/\/revista-apunts.com\/ca\/author\/doc_inefc\/"},"featured_img":null,"coauthors":[],"tax_additional":{"categories":{"linked":["<a href=\"https:\/\/revista-apunts.com\/ca\/category\/sense-categoria\/\" class=\"advgb-post-tax-term\">Sense categoria<\/a>"],"unlinked":["<span class=\"advgb-post-tax-term\">Sense categoria<\/span>"]}},"comment_count":"0","relative_dates":{"created":"Posted 6 anys ago","modified":"Updated 5 anys ago"},"absolute_dates":{"created":"Posted on 27 octubre 2020","modified":"Updated on 21 desembre 2020"},"absolute_dates_time":{"created":"Posted on 27 octubre 2020 11:09","modified":"Updated on 21 desembre 2020 09:28"},"featured_img_caption":"","series_order":"","_links":{"self":[{"href":"https:\/\/revista-apunts.com\/ca\/wp-json\/wp\/v2\/posts\/10746\/"}],"collection":[{"href":"https:\/\/revista-apunts.com\/ca\/wp-json\/wp\/v2\/posts\/"}],"about":[{"href":"https:\/\/revista-apunts.com\/ca\/wp-json\/wp\/v2\/types\/post\/"}],"author":[{"embeddable":true,"href":"https:\/\/revista-apunts.com\/ca\/wp-json\/wp\/v2\/users\/1\/"}],"replies":[{"embeddable":true,"href":"https:\/\/revista-apunts.com\/ca\/wp-json\/wp\/v2\/comments\/?post=10746"}],"version-history":[{"count":1,"href":"https:\/\/revista-apunts.com\/ca\/wp-json\/wp\/v2\/posts\/10746\/revisions\/"}],"predecessor-version":[{"id":34881,"href":"https:\/\/revista-apunts.com\/ca\/wp-json\/wp\/v2\/posts\/10746\/revisions\/34881\/"}],"wp:attachment":[{"href":"https:\/\/revista-apunts.com\/ca\/wp-json\/wp\/v2\/media\/?parent=10746"}],"wp:term":[{"taxonomy":"category","embeddable":true,"href":"https:\/\/revista-apunts.com\/ca\/wp-json\/wp\/v2\/categories\/?post=10746"},{"taxonomy":"post_tag","embeddable":true,"href":"https:\/\/revista-apunts.com\/ca\/wp-json\/wp\/v2\/tags\/?post=10746"}],"curies":[{"name":"wp","href":"https:\/\/api.w.org\/{rel}","templated":true}]}}