{"id":10744,"date":"2020-10-27T11:09:54","date_gmt":"2020-10-27T11:09:54","guid":{"rendered":"https:\/\/revista-apunts.com\/?p=10744"},"modified":"2021-01-04T17:21:07","modified_gmt":"2021-01-04T17:21:07","slug":"jet-lag-un-estudi-sobre-la-privacio-de-son-i-els-efectes-sobre-el-rendiment-huma","status":"publish","type":"post","link":"https:\/\/revista-apunts.com\/ca\/jet-lag-un-estudi-sobre-la-privacio-de-son-i-els-efectes-sobre-el-rendiment-huma\/","title":{"rendered":"Jet-lag: un estudi sobre la privaci\u00f3 de son i els efectes sobre el rendiment hum\u00e0"},"content":{"rendered":"\n<h2 class=\"wp-block-heading\">Resum<\/h2>\n\n\n<div align=\"\">\n<p class=\"journal-abstract\">En aquest article es presenta una observaci\u00f3 experimental sobre els efectes de la privaci\u00f3 del son sobre el Temps d Reacci\u00f3, el Temps de Moviment, l&#8217;Atenci\u00f3, el Raonament i l&#8217;Estat d&#8217;\u00e0nim dels subjectes. No es van observar difer\u00e8ncies significatives en els rendiments, amb alguna excepci\u00f3 suggeridora, per les difer\u00e8ncies hor\u00e0ries quant al moment de fer la prova.<\/p>\n<\/div>\n\n <div class=\"tags\"> <p><strong>Paraules clau:<\/strong> <span>atenci\u00f3<\/span>, <span>estats d'\u00e0nim<\/span>, <span>jet-lag<\/span>, <span>raonament<\/span>, <span>temps de moviment<\/span>, <span>temps de reacci\u00f3<\/span><\/p> <\/div> \n","protected":false},"excerpt":{"rendered":"<p>Resum En aquest article es presenta una observaci\u00f3 experimental sobre els efectes de la privaci\u00f3 del son sobre el Temps d Reacci\u00f3, el Temps de Moviment, l&#8217;Atenci\u00f3, el Raonament i l&#8217;Estat d&#8217;\u00e0nim dels subjectes. No es van observar difer\u00e8ncies significatives en els rendiments, amb alguna excepci\u00f3 suggeridora, per les difer\u00e8ncies hor\u00e0ries quant al moment de [&hellip;]<\/p>\n","protected":false},"author":1,"featured_media":0,"comment_status":"open","ping_status":"open","sticky":false,"template":"","format":"standard","meta":{"_editorskit_title_hidden":false,"_editorskit_reading_time":1,"_editorskit_is_block_options_detached":false,"_editorskit_block_options_position":"{}","inline_featured_image":false,"advgb_blocks_editor_width":"","advgb_blocks_columns_visual_guide":"","footnotes":""},"categories":[8509],"tags":[723,4692,1823,4691,4690,4689],"author_meta":{"display_name":"doc_inefc","author_link":"https:\/\/revista-apunts.com\/ca\/author\/doc_inefc\/"},"featured_img":null,"coauthors":[],"tax_additional":{"categories":{"linked":["<a href=\"https:\/\/revista-apunts.com\/ca\/category\/apunts-per-al-segle-xxi\/\" class=\"advgb-post-tax-term\">Apunts per al segle XXI<\/a>"],"unlinked":["<span class=\"advgb-post-tax-term\">Apunts per al segle XXI<\/span>"]},"tags":{"linked":["<a href=\"https:\/\/revista-apunts.com\/ca\/category\/apunts-per-al-segle-xxi\/\" class=\"advgb-post-tax-term\">atenci\u00f3<\/a>","<a href=\"https:\/\/revista-apunts.com\/ca\/category\/apunts-per-al-segle-xxi\/\" class=\"advgb-post-tax-term\">estats d&#039;\u00e0nim<\/a>","<a href=\"https:\/\/revista-apunts.com\/ca\/category\/apunts-per-al-segle-xxi\/\" class=\"advgb-post-tax-term\">jet-lag<\/a>","<a href=\"https:\/\/revista-apunts.com\/ca\/category\/apunts-per-al-segle-xxi\/\" class=\"advgb-post-tax-term\">raonament<\/a>","<a href=\"https:\/\/revista-apunts.com\/ca\/category\/apunts-per-al-segle-xxi\/\" class=\"advgb-post-tax-term\">temps de moviment<\/a>","<a href=\"https:\/\/revista-apunts.com\/ca\/category\/apunts-per-al-segle-xxi\/\" class=\"advgb-post-tax-term\">temps de reacci\u00f3<\/a>"],"unlinked":["<span class=\"advgb-post-tax-term\">atenci\u00f3<\/span>","<span class=\"advgb-post-tax-term\">estats d&#039;\u00e0nim<\/span>","<span class=\"advgb-post-tax-term\">jet-lag<\/span>","<span class=\"advgb-post-tax-term\">raonament<\/span>","<span class=\"advgb-post-tax-term\">temps de moviment<\/span>","<span class=\"advgb-post-tax-term\">temps de reacci\u00f3<\/span>"]}},"comment_count":"0","relative_dates":{"created":"Posted 6 anys ago","modified":"Updated 5 anys ago"},"absolute_dates":{"created":"Posted on 27 octubre 2020","modified":"Updated on 4 gener 2021"},"absolute_dates_time":{"created":"Posted on 27 octubre 2020 11:09","modified":"Updated on 4 gener 2021 17:21"},"featured_img_caption":"","series_order":"","_links":{"self":[{"href":"https:\/\/revista-apunts.com\/ca\/wp-json\/wp\/v2\/posts\/10744\/"}],"collection":[{"href":"https:\/\/revista-apunts.com\/ca\/wp-json\/wp\/v2\/posts\/"}],"about":[{"href":"https:\/\/revista-apunts.com\/ca\/wp-json\/wp\/v2\/types\/post\/"}],"author":[{"embeddable":true,"href":"https:\/\/revista-apunts.com\/ca\/wp-json\/wp\/v2\/users\/1\/"}],"replies":[{"embeddable":true,"href":"https:\/\/revista-apunts.com\/ca\/wp-json\/wp\/v2\/comments\/?post=10744"}],"version-history":[{"count":1,"href":"https:\/\/revista-apunts.com\/ca\/wp-json\/wp\/v2\/posts\/10744\/revisions\/"}],"predecessor-version":[{"id":37908,"href":"https:\/\/revista-apunts.com\/ca\/wp-json\/wp\/v2\/posts\/10744\/revisions\/37908\/"}],"wp:attachment":[{"href":"https:\/\/revista-apunts.com\/ca\/wp-json\/wp\/v2\/media\/?parent=10744"}],"wp:term":[{"taxonomy":"category","embeddable":true,"href":"https:\/\/revista-apunts.com\/ca\/wp-json\/wp\/v2\/categories\/?post=10744"},{"taxonomy":"post_tag","embeddable":true,"href":"https:\/\/revista-apunts.com\/ca\/wp-json\/wp\/v2\/tags\/?post=10744"}],"curies":[{"name":"wp","href":"https:\/\/api.w.org\/{rel}","templated":true}]}}