{"id":10718,"date":"2020-10-27T11:09:48","date_gmt":"2020-10-27T11:09:48","guid":{"rendered":"https:\/\/revista-apunts.com\/?p=10718"},"modified":"2021-01-17T08:04:46","modified_gmt":"2021-01-17T08:04:46","slug":"esport-cultura-i-contracultura-un-estudi-a-traves-del-model-dels-horitzons-esportius-culturals","status":"publish","type":"post","link":"https:\/\/revista-apunts.com\/ca\/esport-cultura-i-contracultura-un-estudi-a-traves-del-model-dels-horitzons-esportius-culturals\/","title":{"rendered":"Esport: cultura i contracultura. Un estudi a trav\u00e9s del model dels horitzons esportius culturals"},"content":{"rendered":"\n<h2 class=\"wp-block-heading\">Resum<\/h2>\n\n\n<div align=\"\">\n<p class=\"journal-abstract\">Des de les diferents modalitats cient\u00edfiques socials, el fenomen esportiu ha estat tractat com una manifestaci\u00f3 cultural, implantada en les societats i dirigida segons els seus propis models. Per aix\u00f2, l\u2019esport apareix indissolublement lligat a la cultura. Des dels anys seixanta han sorgit i s\u2019han desenvolupat d\u2019altres manifestacions esportives que responen a motivacions absolutament diferents i contr\u00e0ries a les primeres. Considerem per tant, que l\u2019esport constitueix tamb\u00e9 un factor d\u2019etnicitat, en crear una identitat subcultural pr\u00f2pia, marginal i, en ess\u00e8ncia, contracultural al sistema. La clara oposici\u00f3 entre les escales de valors, usos i costums d\u2019ambdues manifestacions requereix una reestructuraci\u00f3 del concepte antropol\u00f2gic d\u2019esport. En quedar incompleta l\u2019accepci\u00f3 cl\u00e0ssica del terme, s\u2019hi han d\u2019aplicar models d\u2019estudi alternatius que permetin la comprensi\u00f3 d\u2019un fenomen hum\u00e0 enormement complex i variat. Hem substitu\u00eft \u201cCultura de l\u2019Esport\u201d pel Model d\u2019\u201cHoritzons Esportius\u201d, cosa que ens permet una major capacitat de comprendre i estudiar les diferents manifestacions en els seus contextos socials. L\u2019estudi de diversos usos de la bicicleta ens aproxima als horitzons esportius: la vessant tradicional es mostra eminentment social i integradora de l\u2019individu en el sistema, associada a l\u2019Horitz\u00f3 Central com a mitj\u00e0 de transport majoritari o ecol\u00f2gic i pr\u00e0ctica plaent i saludable. L\u2019Horitz\u00f3 Marginal, producte de l\u2019experimentaci\u00f3 de nous models amb finalitats d\u2019evasi\u00f3 social, gaudi del vertigen i del risc a la natura. Finalment, l\u2019assimilaci\u00f3 per part del sistema-cultura de les formes pr\u00f2pies de les subcultures marginals ha donat lloc a nous models sincr\u00e8tics de l\u2019\u00fas de la bicicleta. \u00a0<\/p>\n<\/div>\n\n <div class=\"tags\"> <p><strong>Paraules clau:<\/strong> <span>cultures esportives<\/span>, <span>esportista radical<\/span>, <span>freekis<\/span>, <span>horitzons esportius (central i marginal)<\/span>, <span>peergrups<\/span>, <span>perspectiva \u00e9mica<\/span>, <span>skaters<\/span>, <span>sub<\/span>, <span>tropicalisme festiu<\/span>, <span>tropicalisme f\u00e0ustic<\/span><\/p> <\/div> \n","protected":false},"excerpt":{"rendered":"<p>Resum Des de les diferents modalitats cient\u00edfiques socials, el fenomen esportiu ha estat tractat com una manifestaci\u00f3 cultural, implantada en les societats i dirigida segons els seus propis models. Per aix\u00f2, l\u2019esport apareix indissolublement lligat a la cultura. Des dels anys seixanta han sorgit i s\u2019han desenvolupat d\u2019altres manifestacions esportives que responen a motivacions absolutament [&hellip;]<\/p>\n","protected":false},"author":1,"featured_media":0,"comment_status":"open","ping_status":"open","sticky":false,"template":"","format":"standard","meta":{"_editorskit_title_hidden":false,"_editorskit_reading_time":1,"_editorskit_is_block_options_detached":false,"_editorskit_block_options_position":"{}","inline_featured_image":false,"advgb_blocks_editor_width":"","advgb_blocks_columns_visual_guide":"","footnotes":""},"categories":[9466],"tags":[4589,4662,9511,4660,9512,9513,9514,4661,4664,4663],"author_meta":{"display_name":"doc_inefc","author_link":"https:\/\/revista-apunts.com\/ca\/author\/doc_inefc\/"},"featured_img":null,"coauthors":[],"tax_additional":{"categories":{"linked":["<a href=\"https:\/\/revista-apunts.com\/ca\/category\/ciencies-aplicades-a-lactivitat-fisica-i-lesport-ca\/\" class=\"advgb-post-tax-term\">Ci\u00e8ncies aplicades a l\u2019activitat f\u00edsica i l\u2019esport<\/a>"],"unlinked":["<span class=\"advgb-post-tax-term\">Ci\u00e8ncies aplicades a l\u2019activitat f\u00edsica i l\u2019esport<\/span>"]},"tags":{"linked":["<a href=\"https:\/\/revista-apunts.com\/ca\/category\/ciencies-aplicades-a-lactivitat-fisica-i-lesport-ca\/\" class=\"advgb-post-tax-term\">cultures esportives<\/a>","<a href=\"https:\/\/revista-apunts.com\/ca\/category\/ciencies-aplicades-a-lactivitat-fisica-i-lesport-ca\/\" class=\"advgb-post-tax-term\">esportista radical<\/a>","<a href=\"https:\/\/revista-apunts.com\/ca\/category\/ciencies-aplicades-a-lactivitat-fisica-i-lesport-ca\/\" class=\"advgb-post-tax-term\">freekis<\/a>","<a href=\"https:\/\/revista-apunts.com\/ca\/category\/ciencies-aplicades-a-lactivitat-fisica-i-lesport-ca\/\" class=\"advgb-post-tax-term\">horitzons esportius (central i marginal)<\/a>","<a href=\"https:\/\/revista-apunts.com\/ca\/category\/ciencies-aplicades-a-lactivitat-fisica-i-lesport-ca\/\" class=\"advgb-post-tax-term\">peergrups<\/a>","<a href=\"https:\/\/revista-apunts.com\/ca\/category\/ciencies-aplicades-a-lactivitat-fisica-i-lesport-ca\/\" class=\"advgb-post-tax-term\">perspectiva \u00e9mica<\/a>","<a href=\"https:\/\/revista-apunts.com\/ca\/category\/ciencies-aplicades-a-lactivitat-fisica-i-lesport-ca\/\" class=\"advgb-post-tax-term\">skaters<\/a>","<a href=\"https:\/\/revista-apunts.com\/ca\/category\/ciencies-aplicades-a-lactivitat-fisica-i-lesport-ca\/\" class=\"advgb-post-tax-term\">sub<\/a>","<a href=\"https:\/\/revista-apunts.com\/ca\/category\/ciencies-aplicades-a-lactivitat-fisica-i-lesport-ca\/\" class=\"advgb-post-tax-term\">tropicalisme f\u00e0ustic<\/a>","<a href=\"https:\/\/revista-apunts.com\/ca\/category\/ciencies-aplicades-a-lactivitat-fisica-i-lesport-ca\/\" class=\"advgb-post-tax-term\">tropicalisme festiu<\/a>"],"unlinked":["<span class=\"advgb-post-tax-term\">cultures esportives<\/span>","<span class=\"advgb-post-tax-term\">esportista radical<\/span>","<span class=\"advgb-post-tax-term\">freekis<\/span>","<span class=\"advgb-post-tax-term\">horitzons esportius (central i marginal)<\/span>","<span class=\"advgb-post-tax-term\">peergrups<\/span>","<span class=\"advgb-post-tax-term\">perspectiva \u00e9mica<\/span>","<span class=\"advgb-post-tax-term\">skaters<\/span>","<span class=\"advgb-post-tax-term\">sub<\/span>","<span class=\"advgb-post-tax-term\">tropicalisme f\u00e0ustic<\/span>","<span class=\"advgb-post-tax-term\">tropicalisme festiu<\/span>"]}},"comment_count":"0","relative_dates":{"created":"Posted 6 anys ago","modified":"Updated 5 anys ago"},"absolute_dates":{"created":"Posted on 27 octubre 2020","modified":"Updated on 17 gener 2021"},"absolute_dates_time":{"created":"Posted on 27 octubre 2020 11:09","modified":"Updated on 17 gener 2021 08:04"},"featured_img_caption":"","series_order":"","_links":{"self":[{"href":"https:\/\/revista-apunts.com\/ca\/wp-json\/wp\/v2\/posts\/10718\/"}],"collection":[{"href":"https:\/\/revista-apunts.com\/ca\/wp-json\/wp\/v2\/posts\/"}],"about":[{"href":"https:\/\/revista-apunts.com\/ca\/wp-json\/wp\/v2\/types\/post\/"}],"author":[{"embeddable":true,"href":"https:\/\/revista-apunts.com\/ca\/wp-json\/wp\/v2\/users\/1\/"}],"replies":[{"embeddable":true,"href":"https:\/\/revista-apunts.com\/ca\/wp-json\/wp\/v2\/comments\/?post=10718"}],"version-history":[{"count":1,"href":"https:\/\/revista-apunts.com\/ca\/wp-json\/wp\/v2\/posts\/10718\/revisions\/"}],"predecessor-version":[{"id":32820,"href":"https:\/\/revista-apunts.com\/ca\/wp-json\/wp\/v2\/posts\/10718\/revisions\/32820\/"}],"wp:attachment":[{"href":"https:\/\/revista-apunts.com\/ca\/wp-json\/wp\/v2\/media\/?parent=10718"}],"wp:term":[{"taxonomy":"category","embeddable":true,"href":"https:\/\/revista-apunts.com\/ca\/wp-json\/wp\/v2\/categories\/?post=10718"},{"taxonomy":"post_tag","embeddable":true,"href":"https:\/\/revista-apunts.com\/ca\/wp-json\/wp\/v2\/tags\/?post=10718"}],"curies":[{"name":"wp","href":"https:\/\/api.w.org\/{rel}","templated":true}]}}