{"id":10707,"date":"2020-10-27T11:09:39","date_gmt":"2020-10-27T11:09:39","guid":{"rendered":"https:\/\/revista-apunts.com\/?p=10707"},"modified":"2020-12-23T16:17:59","modified_gmt":"2020-12-23T16:17:59","slug":"sobre-leducacio","status":"publish","type":"post","link":"https:\/\/revista-apunts.com\/ca\/sobre-leducacio\/","title":{"rendered":"Sobre l&#8217;educaci\u00f3"},"content":{"rendered":"\n<h2 class=\"wp-block-heading\">Resum<\/h2>\n\n\n<div align=\"\">\n<p class=\"journal-abstract\">L&#8217;home neix home, per\u00f2 per aconseguir plenament aquesta categoria ha de conquerir activament aquesta condici\u00f3. L&#8217;educaci\u00f3 \u00e9s el proc\u00e9s que la humanitat ha gestat per assolir-ho. B\u00e0sicament, educar \u00e9s ajudar l&#8217;home a viure i, secund\u00e0riament, integrar l&#8217;educand en la societat. Els antics romans feien servir el terme educere, precedent etimol\u00f2gic d'&#8221;educaci\u00f3&#8221;, amb el significat de &#8220;treure de dins cap a fora&#8221; i &#8220;ajudar a sortir cap l&#8217;exterior&#8221;. Educaci\u00f3 significa, segons la nostra interpretaci\u00f3, assistir l&#8217;individu a desenvolupar tot el potencial que t\u00e9 dins, ensenyant-lo a viure i, finalment, a ser hum\u00e0 en harmonia cr\u00edtica amb el context social al qual pertany. Al comen\u00e7ament el proc\u00e9s educatiu \u00e9s eminentment protector, per la invalidesa de l&#8217;individu en els primers anys de la seva vida, despr\u00e9s se li mostren i ensenyen valors, actituds i continguts fins la plena autonomia de l&#8217;educand. No obstant, l&#8217;educaci\u00f3 \u00e9s un proc\u00e9s permanent que no conclou mai, ja que es fonamenta en la imitaci\u00f3 sistem\u00e0tica dels cong\u00e8neres al llarg de tota la nostra vida i en la plena consci\u00e8ncia de la ignor\u00e0ncia (del que es desconeix), cosa que ens diferencia de manera substancial amb els animals superiors m\u00e9s propers (els primats). L&#8217;individu va assolint la perfectibilitat humana mitjan\u00e7ant el desenvolupament de la seva pr\u00f2pia vida en cont\u00ednua interacci\u00f3 amb l&#8217;entorn i els seus semblants, utilitza la capacitat innata d&#8217;aprendre i el desig de saber, refor\u00e7ant les bones viv\u00e8ncies i convertint en experi\u00e8ncia els errors comesos.<\/p>\n<\/div>\n\n <div class=\"tags\"> <p><strong>Paraules clau:<\/strong> <span>comunicaci\u00f3n<\/span>, <span>constructivismo<\/span>, <span>contenidos<\/span>, <span>contenidos de la educaci\u00f3n f\u00edsica<\/span>, <span>empirismo<\/span>, <span>modelo did\u00e1ctico<\/span>, <span>pedagog\u00eda cr\u00edtica<\/span>, <span>psicomotriz<\/span><\/p> <\/div> \n","protected":false},"excerpt":{"rendered":"<p>Resum L&#8217;home neix home, per\u00f2 per aconseguir plenament aquesta categoria ha de conquerir activament aquesta condici\u00f3. L&#8217;educaci\u00f3 \u00e9s el proc\u00e9s que la humanitat ha gestat per assolir-ho. B\u00e0sicament, educar \u00e9s ajudar l&#8217;home a viure i, secund\u00e0riament, integrar l&#8217;educand en la societat. Els antics romans feien servir el terme educere, precedent etimol\u00f2gic d&#8217;&#8221;educaci\u00f3&#8221;, amb el significat [&hellip;]<\/p>\n","protected":false},"author":1,"featured_media":0,"comment_status":"open","ping_status":"open","sticky":false,"template":"","format":"standard","meta":{"_editorskit_title_hidden":false,"_editorskit_reading_time":1,"_editorskit_is_block_options_detached":false,"_editorskit_block_options_position":"{}","inline_featured_image":false,"advgb_blocks_editor_width":"","advgb_blocks_columns_visual_guide":"","footnotes":""},"categories":[8509],"tags":[1346,1898,1900,1899,1901,1902,1903,1904],"author_meta":{"display_name":"doc_inefc","author_link":"https:\/\/revista-apunts.com\/ca\/author\/doc_inefc\/"},"featured_img":null,"coauthors":[],"tax_additional":{"categories":{"linked":["<a href=\"https:\/\/revista-apunts.com\/ca\/category\/apunts-per-al-segle-xxi\/\" class=\"advgb-post-tax-term\">Apunts per al segle XXI<\/a>"],"unlinked":["<span class=\"advgb-post-tax-term\">Apunts per al segle XXI<\/span>"]},"tags":{"linked":["<a href=\"https:\/\/revista-apunts.com\/ca\/category\/apunts-per-al-segle-xxi\/\" class=\"advgb-post-tax-term\">comunicaci\u00f3n<\/a>","<a href=\"https:\/\/revista-apunts.com\/ca\/category\/apunts-per-al-segle-xxi\/\" class=\"advgb-post-tax-term\">constructivismo<\/a>","<a href=\"https:\/\/revista-apunts.com\/ca\/category\/apunts-per-al-segle-xxi\/\" class=\"advgb-post-tax-term\">contenidos<\/a>","<a href=\"https:\/\/revista-apunts.com\/ca\/category\/apunts-per-al-segle-xxi\/\" class=\"advgb-post-tax-term\">contenidos de la educaci\u00f3n f\u00edsica<\/a>","<a href=\"https:\/\/revista-apunts.com\/ca\/category\/apunts-per-al-segle-xxi\/\" class=\"advgb-post-tax-term\">empirismo<\/a>","<a href=\"https:\/\/revista-apunts.com\/ca\/category\/apunts-per-al-segle-xxi\/\" class=\"advgb-post-tax-term\">modelo did\u00e1ctico<\/a>","<a href=\"https:\/\/revista-apunts.com\/ca\/category\/apunts-per-al-segle-xxi\/\" class=\"advgb-post-tax-term\">pedagog\u00eda cr\u00edtica<\/a>","<a href=\"https:\/\/revista-apunts.com\/ca\/category\/apunts-per-al-segle-xxi\/\" class=\"advgb-post-tax-term\">psicomotriz<\/a>"],"unlinked":["<span class=\"advgb-post-tax-term\">comunicaci\u00f3n<\/span>","<span class=\"advgb-post-tax-term\">constructivismo<\/span>","<span class=\"advgb-post-tax-term\">contenidos<\/span>","<span class=\"advgb-post-tax-term\">contenidos de la educaci\u00f3n f\u00edsica<\/span>","<span class=\"advgb-post-tax-term\">empirismo<\/span>","<span class=\"advgb-post-tax-term\">modelo did\u00e1ctico<\/span>","<span class=\"advgb-post-tax-term\">pedagog\u00eda cr\u00edtica<\/span>","<span class=\"advgb-post-tax-term\">psicomotriz<\/span>"]}},"comment_count":"0","relative_dates":{"created":"Posted 6 anys ago","modified":"Updated 5 anys ago"},"absolute_dates":{"created":"Posted on 27 octubre 2020","modified":"Updated on 23 desembre 2020"},"absolute_dates_time":{"created":"Posted on 27 octubre 2020 11:09","modified":"Updated on 23 desembre 2020 16:17"},"featured_img_caption":"","series_order":"","_links":{"self":[{"href":"https:\/\/revista-apunts.com\/ca\/wp-json\/wp\/v2\/posts\/10707\/"}],"collection":[{"href":"https:\/\/revista-apunts.com\/ca\/wp-json\/wp\/v2\/posts\/"}],"about":[{"href":"https:\/\/revista-apunts.com\/ca\/wp-json\/wp\/v2\/types\/post\/"}],"author":[{"embeddable":true,"href":"https:\/\/revista-apunts.com\/ca\/wp-json\/wp\/v2\/users\/1\/"}],"replies":[{"embeddable":true,"href":"https:\/\/revista-apunts.com\/ca\/wp-json\/wp\/v2\/comments\/?post=10707"}],"version-history":[{"count":1,"href":"https:\/\/revista-apunts.com\/ca\/wp-json\/wp\/v2\/posts\/10707\/revisions\/"}],"predecessor-version":[{"id":35435,"href":"https:\/\/revista-apunts.com\/ca\/wp-json\/wp\/v2\/posts\/10707\/revisions\/35435\/"}],"wp:attachment":[{"href":"https:\/\/revista-apunts.com\/ca\/wp-json\/wp\/v2\/media\/?parent=10707"}],"wp:term":[{"taxonomy":"category","embeddable":true,"href":"https:\/\/revista-apunts.com\/ca\/wp-json\/wp\/v2\/categories\/?post=10707"},{"taxonomy":"post_tag","embeddable":true,"href":"https:\/\/revista-apunts.com\/ca\/wp-json\/wp\/v2\/tags\/?post=10707"}],"curies":[{"name":"wp","href":"https:\/\/api.w.org\/{rel}","templated":true}]}}