{"id":10705,"date":"2020-10-27T11:09:39","date_gmt":"2020-10-27T11:09:39","guid":{"rendered":"https:\/\/revista-apunts.com\/?p=10705"},"modified":"2020-12-23T11:56:22","modified_gmt":"2020-12-23T11:56:22","slug":"experiencia-practica-volar-amb-ala-de-pendent-unitat-didactica-interdisciplinar-en-lensenyament-secundari-obligatori","status":"publish","type":"post","link":"https:\/\/revista-apunts.com\/ca\/experiencia-practica-volar-amb-ala-de-pendent-unitat-didactica-interdisciplinar-en-lensenyament-secundari-obligatori\/","title":{"rendered":"Experi\u00e8ncia pr\u00e0ctica: &#8220;Volar amb ala de pendent&#8221;. Unitat did\u00e0ctica interdisciplinar en l&#8217;Ensenyament Secundari Obligatori"},"content":{"rendered":"\n<h2 class=\"wp-block-heading\">Resum<\/h2>\n\n\n<p>En aquest treball presentem una experi\u00e8ncia pr\u00e0ctica d&#8217;una unitat did\u00e0ctica de vol amb ala de pendent en l&#8217;Ensenyament Secundari Obligatori, com un contingut innovador dins de l&#8217;\u00e0rea d&#8217;Educaci\u00f3 F\u00edsica i amb un car\u00e0cter eminentment interdisciplinar. Aquest esport s&#8217;inclou dins de les activitats a\u00e8ries a la natura i presenta una s\u00e8rie d&#8217;avantatges educatius, sobre altres continguts del&#8217;\u00e0rea d&#8217;Educaci\u00f3 F\u00edsica, que ens plantegen la seva introducci\u00f3 a l&#8217;ESO, malgrat les dificultats a l&#8217;hora de desenvolupar aquesta pr\u00e0ctica a nivell escolar. Aquesta experi\u00e8ncia ha tingut una valoraci\u00f3 molt positiva per tots els membres de la comunitat educativa de l&#8217;lES Anxel Casal.<\/p>\n\n <div class=\"tags\"> <p><strong>Paraules clau:<\/strong> <span>activitats a la natura<\/span>, <span>ala de pendent<\/span>, <span>ensenyament secundari obligatori<\/span>, <span>interdisciplinar<\/span>, <span>unitat did\u00e0ctica<\/span>, <span>vol<\/span><\/p> <\/div> \n","protected":false},"excerpt":{"rendered":"<p>Resum En aquest treball presentem una experi\u00e8ncia pr\u00e0ctica d&#8217;una unitat did\u00e0ctica de vol amb ala de pendent en l&#8217;Ensenyament Secundari Obligatori, com un contingut innovador dins de l&#8217;\u00e0rea d&#8217;Educaci\u00f3 F\u00edsica i amb un car\u00e0cter eminentment interdisciplinar. Aquest esport s&#8217;inclou dins de les activitats a\u00e8ries a la natura i presenta una s\u00e8rie d&#8217;avantatges educatius, sobre altres [&hellip;]<\/p>\n","protected":false},"author":1,"featured_media":0,"comment_status":"open","ping_status":"open","sticky":false,"template":"","format":"standard","meta":{"_editorskit_title_hidden":false,"_editorskit_reading_time":1,"_editorskit_is_block_options_detached":false,"_editorskit_block_options_position":"{}","inline_featured_image":false,"advgb_blocks_editor_width":"","advgb_blocks_columns_visual_guide":"","footnotes":""},"categories":[8509],"tags":[4339,4646,4507,9268,3856,571],"author_meta":{"display_name":"doc_inefc","author_link":"https:\/\/revista-apunts.com\/ca\/author\/doc_inefc\/"},"featured_img":null,"coauthors":[],"tax_additional":{"categories":{"linked":["<a href=\"https:\/\/revista-apunts.com\/ca\/category\/apunts-per-al-segle-xxi\/\" class=\"advgb-post-tax-term\">Apunts per al segle XXI<\/a>"],"unlinked":["<span class=\"advgb-post-tax-term\">Apunts per al segle XXI<\/span>"]},"tags":{"linked":["<a href=\"https:\/\/revista-apunts.com\/ca\/category\/apunts-per-al-segle-xxi\/\" class=\"advgb-post-tax-term\">activitats a la natura<\/a>","<a href=\"https:\/\/revista-apunts.com\/ca\/category\/apunts-per-al-segle-xxi\/\" class=\"advgb-post-tax-term\">ala de pendent<\/a>","<a href=\"https:\/\/revista-apunts.com\/ca\/category\/apunts-per-al-segle-xxi\/\" class=\"advgb-post-tax-term\">ensenyament secundari obligatori<\/a>","<a href=\"https:\/\/revista-apunts.com\/ca\/category\/apunts-per-al-segle-xxi\/\" class=\"advgb-post-tax-term\">interdisciplinar<\/a>","<a href=\"https:\/\/revista-apunts.com\/ca\/category\/apunts-per-al-segle-xxi\/\" class=\"advgb-post-tax-term\">unitat did\u00e0ctica<\/a>","<a href=\"https:\/\/revista-apunts.com\/ca\/category\/apunts-per-al-segle-xxi\/\" class=\"advgb-post-tax-term\">vol<\/a>"],"unlinked":["<span class=\"advgb-post-tax-term\">activitats a la natura<\/span>","<span class=\"advgb-post-tax-term\">ala de pendent<\/span>","<span class=\"advgb-post-tax-term\">ensenyament secundari obligatori<\/span>","<span class=\"advgb-post-tax-term\">interdisciplinar<\/span>","<span class=\"advgb-post-tax-term\">unitat did\u00e0ctica<\/span>","<span class=\"advgb-post-tax-term\">vol<\/span>"]}},"comment_count":"0","relative_dates":{"created":"Posted 5 anys ago","modified":"Updated 5 anys ago"},"absolute_dates":{"created":"Posted on 27 octubre 2020","modified":"Updated on 23 desembre 2020"},"absolute_dates_time":{"created":"Posted on 27 octubre 2020 11:09","modified":"Updated on 23 desembre 2020 11:56"},"featured_img_caption":"","series_order":"","_links":{"self":[{"href":"https:\/\/revista-apunts.com\/ca\/wp-json\/wp\/v2\/posts\/10705\/"}],"collection":[{"href":"https:\/\/revista-apunts.com\/ca\/wp-json\/wp\/v2\/posts\/"}],"about":[{"href":"https:\/\/revista-apunts.com\/ca\/wp-json\/wp\/v2\/types\/post\/"}],"author":[{"embeddable":true,"href":"https:\/\/revista-apunts.com\/ca\/wp-json\/wp\/v2\/users\/1\/"}],"replies":[{"embeddable":true,"href":"https:\/\/revista-apunts.com\/ca\/wp-json\/wp\/v2\/comments\/?post=10705"}],"version-history":[{"count":1,"href":"https:\/\/revista-apunts.com\/ca\/wp-json\/wp\/v2\/posts\/10705\/revisions\/"}],"predecessor-version":[{"id":35379,"href":"https:\/\/revista-apunts.com\/ca\/wp-json\/wp\/v2\/posts\/10705\/revisions\/35379\/"}],"wp:attachment":[{"href":"https:\/\/revista-apunts.com\/ca\/wp-json\/wp\/v2\/media\/?parent=10705"}],"wp:term":[{"taxonomy":"category","embeddable":true,"href":"https:\/\/revista-apunts.com\/ca\/wp-json\/wp\/v2\/categories\/?post=10705"},{"taxonomy":"post_tag","embeddable":true,"href":"https:\/\/revista-apunts.com\/ca\/wp-json\/wp\/v2\/tags\/?post=10705"}],"curies":[{"name":"wp","href":"https:\/\/api.w.org\/{rel}","templated":true}]}}