{"id":10650,"date":"2020-10-27T11:09:08","date_gmt":"2020-10-27T11:09:08","guid":{"rendered":"https:\/\/revista-apunts.com\/?p=10650"},"modified":"2020-12-10T10:52:55","modified_gmt":"2020-12-10T10:52:55","slug":"consciencia-illustracio-esportiva","status":"publish","type":"post","link":"https:\/\/revista-apunts.com\/ca\/consciencia-illustracio-esportiva\/","title":{"rendered":"Consci\u00e8ncia: il\u00b7lustraci\u00f3 esportiva"},"content":{"rendered":"\n<h2 class=\"wp-block-heading\">Resum<\/h2>\n\n\n<p>En aquest article es presenta una concepci\u00f3 funcional de la consci\u00e8ncia i es fa il\u00b7lustrant-ho amb l&#8217;activitat esportiva. Des d&#8217;una perspectiva psicol\u00f2gica s&#8217;afirma, primer, que el que s&#8217;anomena &#8220;consci\u00e8ncia&#8221; \u00e9s funcionalment parlar. \u00c9s a dir, funcionalitat associativa que es d\u00f3na com a adaptaci\u00f3 a les convencions ling\u00fc\u00edstiques. Segon, que parlar \u00e9s una manera d&#8217;adonar-se i, que aquesta manera d&#8217;adonar-se l&#8217;anomenem coneixement o cognici\u00f3 i que, en una dimensi\u00f3 autocognitiva, permet parlar de si mateix i de la consci\u00e8ncia com a facultat per a fer-ho. Tercer, que el que s&#8217;anomena &#8220;consci\u00e8ncia moral&#8221; \u00e9s tamb\u00e9 coneixement, per\u00f2 especialment dedicat a discernir entre el b\u00e9 i el mal, relatiu, sobretot, a la pr\u00f2pia conducta, i m\u00e9s enll\u00e0 del fet que el be i el mal poden anar acompanyats de condicionaments positius i negatius. Quart, que en l&#8217;esport i en la vida, en general, el concepte de consci\u00e8ncia t\u00e9 la connotaci\u00f3 d&#8217;un coneixement que obliga al comportament congruent i que les anomenades t\u00e8cniques psicol\u00f2giques s\u00f3n maneres d&#8217;actuar guiades per aquell coneixement.<\/p>\n\n <div class=\"tags\"> <p><strong>Paraules clau:<\/strong> <span>cognici\u00f3<\/span>, <span>conducta<\/span>, <span>consci\u00e8ncia<\/span><\/p> <\/div> \n","protected":false},"excerpt":{"rendered":"<p>Resum En aquest article es presenta una concepci\u00f3 funcional de la consci\u00e8ncia i es fa il\u00b7lustrant-ho amb l&#8217;activitat esportiva. Des d&#8217;una perspectiva psicol\u00f2gica s&#8217;afirma, primer, que el que s&#8217;anomena &#8220;consci\u00e8ncia&#8221; \u00e9s funcionalment parlar. \u00c9s a dir, funcionalitat associativa que es d\u00f3na com a adaptaci\u00f3 a les convencions ling\u00fc\u00edstiques. Segon, que parlar \u00e9s una manera d&#8217;adonar-se [&hellip;]<\/p>\n","protected":false},"author":1,"featured_media":0,"comment_status":"open","ping_status":"open","sticky":false,"template":"","format":"standard","meta":{"_editorskit_title_hidden":false,"_editorskit_reading_time":1,"_editorskit_is_block_options_detached":false,"_editorskit_block_options_position":"{}","inline_featured_image":false,"advgb_blocks_editor_width":"","advgb_blocks_columns_visual_guide":"","footnotes":""},"categories":[8509],"tags":[4576,9213,4575],"author_meta":{"display_name":"doc_inefc","author_link":"https:\/\/revista-apunts.com\/ca\/author\/doc_inefc\/"},"featured_img":null,"coauthors":[],"tax_additional":{"categories":{"linked":["<a href=\"https:\/\/revista-apunts.com\/ca\/category\/apunts-per-al-segle-xxi\/\" class=\"advgb-post-tax-term\">Apunts per al segle XXI<\/a>"],"unlinked":["<span class=\"advgb-post-tax-term\">Apunts per al segle XXI<\/span>"]},"tags":{"linked":["<a href=\"https:\/\/revista-apunts.com\/ca\/category\/apunts-per-al-segle-xxi\/\" class=\"advgb-post-tax-term\">cognici\u00f3<\/a>","<a href=\"https:\/\/revista-apunts.com\/ca\/category\/apunts-per-al-segle-xxi\/\" class=\"advgb-post-tax-term\">conducta<\/a>","<a href=\"https:\/\/revista-apunts.com\/ca\/category\/apunts-per-al-segle-xxi\/\" class=\"advgb-post-tax-term\">consci\u00e8ncia<\/a>"],"unlinked":["<span class=\"advgb-post-tax-term\">cognici\u00f3<\/span>","<span class=\"advgb-post-tax-term\">conducta<\/span>","<span class=\"advgb-post-tax-term\">consci\u00e8ncia<\/span>"]}},"comment_count":"0","relative_dates":{"created":"Posted 6 anys ago","modified":"Updated 5 anys ago"},"absolute_dates":{"created":"Posted on 27 octubre 2020","modified":"Updated on 10 desembre 2020"},"absolute_dates_time":{"created":"Posted on 27 octubre 2020 11:09","modified":"Updated on 10 desembre 2020 10:52"},"featured_img_caption":"","series_order":"","_links":{"self":[{"href":"https:\/\/revista-apunts.com\/ca\/wp-json\/wp\/v2\/posts\/10650\/"}],"collection":[{"href":"https:\/\/revista-apunts.com\/ca\/wp-json\/wp\/v2\/posts\/"}],"about":[{"href":"https:\/\/revista-apunts.com\/ca\/wp-json\/wp\/v2\/types\/post\/"}],"author":[{"embeddable":true,"href":"https:\/\/revista-apunts.com\/ca\/wp-json\/wp\/v2\/users\/1\/"}],"replies":[{"embeddable":true,"href":"https:\/\/revista-apunts.com\/ca\/wp-json\/wp\/v2\/comments\/?post=10650"}],"version-history":[{"count":1,"href":"https:\/\/revista-apunts.com\/ca\/wp-json\/wp\/v2\/posts\/10650\/revisions\/"}],"predecessor-version":[{"id":33789,"href":"https:\/\/revista-apunts.com\/ca\/wp-json\/wp\/v2\/posts\/10650\/revisions\/33789\/"}],"wp:attachment":[{"href":"https:\/\/revista-apunts.com\/ca\/wp-json\/wp\/v2\/media\/?parent=10650"}],"wp:term":[{"taxonomy":"category","embeddable":true,"href":"https:\/\/revista-apunts.com\/ca\/wp-json\/wp\/v2\/categories\/?post=10650"},{"taxonomy":"post_tag","embeddable":true,"href":"https:\/\/revista-apunts.com\/ca\/wp-json\/wp\/v2\/tags\/?post=10650"}],"curies":[{"name":"wp","href":"https:\/\/api.w.org\/{rel}","templated":true}]}}