{"id":10638,"date":"2020-10-27T11:09:03","date_gmt":"2020-10-27T11:09:03","guid":{"rendered":"https:\/\/revista-apunts.com\/?p=10638"},"modified":"2020-12-23T10:36:37","modified_gmt":"2020-12-23T10:36:37","slug":"la-casa-dels-ossos","status":"publish","type":"post","link":"https:\/\/revista-apunts.com\/ca\/la-casa-dels-ossos\/","title":{"rendered":"La casa dels ossos"},"content":{"rendered":"\n<h2 class=\"wp-block-heading\">Resum<\/h2>\n\n\n<p>La casa Batll\u00f3, projectada per Antoni Gaud\u00ed quan tenia ja 52 anys i constru\u00efda entre 1904 i 1906, \u00e9s per a molts la seva obra mestra. Cal precisar que Gaud\u00ed no va efectuar l\u2019edifici partint de zero, sin\u00f3 que, en realitat, va reformar una casa de 1877 a demanda del propietari d\u2019aquesta, el fabricant t\u00e8xtil <em>Josep Batll\u00f3 i Casanovas<\/em>. L\u2019arquitecte va preocupar-se de reformar la totalitat de l\u2019immoble: en va pujar els dos pisos de les golfes, va dissenyar els interiors, per als quals fins i tot va crear el mobiliari, i molt especialment va dedicar tota la seva inspiraci\u00f3 a l\u2019ornamentaci\u00f3 de la fa\u00e7ana. En aquesta hem de destacar les columnes i les galeries, fetes amb pedra de Montju\u00efc, els balcons de ferro forjat i el revestiment de trencad\u00eds (materials trencats en petits fragments) de vidre i cer\u00e0mica, obra del seu col\u00b7laborador <em>Josep M. Jujol<\/em>. Una coberta en forma de drac amb escates, sense cap ni cua, que sembla observar el carrer des de l\u2019altura, corona aquesta fa\u00e7ana policromada. S\u2019ha dit que \u00e9s la joia del Modernisme i que tenia el mateix aspecte que causaria una pedra caient dins l\u2019estanc de nen\u00fafars i nimfes de l\u2019impressionista <em>Monet. Salvador Dal\u00ed, <\/em>escrivia el 1933: \u201c<em>Gaud\u00ed ha constru\u00eft una casa [\u2026] feta en les tranquil\u00b7les aig\u00fces d\u2019un llac [\u2026] una aut\u00e8ntica escultura dels reflexos dels n\u00favols crepusculars en l\u2019aigua i que \u00e9s possible gr\u00e0cies a un immens i desgavellat mosaic multicolor i refulgent, unes irisacions puntillistes de les quals emergeixen formes d\u2019aigua escampada, formes d\u2019aigua mirallejant, formes d\u2019aigua arrissada pel vent, formes d\u2019aigua constru\u00efdes en una successi\u00f3 asim\u00e8trica i din\u00e0mica, instant\u00e0nia de reflexos trencats, sincopats, enlla\u00e7ats, fosos per nen\u00fafars i nimfes \u201c\u2018naturalistes- estilitzats<\/em>\u2026\u2019\u201d.<\/p>\n\n\n","protected":false},"excerpt":{"rendered":"<p>Resum La casa Batll\u00f3, projectada per Antoni Gaud\u00ed quan tenia ja 52 anys i constru\u00efda entre 1904 i 1906, \u00e9s per a molts la seva obra mestra. Cal precisar que Gaud\u00ed no va efectuar l\u2019edifici partint de zero, sin\u00f3 que, en realitat, va reformar una casa de 1877 a demanda del propietari d\u2019aquesta, el fabricant [&hellip;]<\/p>\n","protected":false},"author":1,"featured_media":0,"comment_status":"open","ping_status":"open","sticky":false,"template":"","format":"standard","meta":{"_editorskit_title_hidden":false,"_editorskit_reading_time":1,"_editorskit_is_block_options_detached":false,"_editorskit_block_options_position":"{}","inline_featured_image":false,"advgb_blocks_editor_width":"","advgb_blocks_columns_visual_guide":"","footnotes":""},"categories":[107,9455],"tags":[],"author_meta":{"display_name":"doc_inefc","author_link":"https:\/\/revista-apunts.com\/ca\/author\/doc_inefc\/"},"featured_img":null,"coauthors":[],"tax_additional":{"categories":{"linked":["<a href=\"https:\/\/revista-apunts.com\/ca\/category\/dona-i-esport\/\" class=\"advgb-post-tax-term\">Dona i esport<\/a>","<a href=\"https:\/\/revista-apunts.com\/ca\/category\/art-i-esport-ca\/\" class=\"advgb-post-tax-term\">Art i esport<\/a>"],"unlinked":["<span class=\"advgb-post-tax-term\">Dona i esport<\/span>","<span class=\"advgb-post-tax-term\">Art i esport<\/span>"]}},"comment_count":"0","relative_dates":{"created":"Posted 6 anys ago","modified":"Updated 5 anys ago"},"absolute_dates":{"created":"Posted on 27 octubre 2020","modified":"Updated on 23 desembre 2020"},"absolute_dates_time":{"created":"Posted on 27 octubre 2020 11:09","modified":"Updated on 23 desembre 2020 10:36"},"featured_img_caption":"","series_order":"","_links":{"self":[{"href":"https:\/\/revista-apunts.com\/ca\/wp-json\/wp\/v2\/posts\/10638\/"}],"collection":[{"href":"https:\/\/revista-apunts.com\/ca\/wp-json\/wp\/v2\/posts\/"}],"about":[{"href":"https:\/\/revista-apunts.com\/ca\/wp-json\/wp\/v2\/types\/post\/"}],"author":[{"embeddable":true,"href":"https:\/\/revista-apunts.com\/ca\/wp-json\/wp\/v2\/users\/1\/"}],"replies":[{"embeddable":true,"href":"https:\/\/revista-apunts.com\/ca\/wp-json\/wp\/v2\/comments\/?post=10638"}],"version-history":[{"count":1,"href":"https:\/\/revista-apunts.com\/ca\/wp-json\/wp\/v2\/posts\/10638\/revisions\/"}],"predecessor-version":[{"id":35345,"href":"https:\/\/revista-apunts.com\/ca\/wp-json\/wp\/v2\/posts\/10638\/revisions\/35345\/"}],"wp:attachment":[{"href":"https:\/\/revista-apunts.com\/ca\/wp-json\/wp\/v2\/media\/?parent=10638"}],"wp:term":[{"taxonomy":"category","embeddable":true,"href":"https:\/\/revista-apunts.com\/ca\/wp-json\/wp\/v2\/categories\/?post=10638"},{"taxonomy":"post_tag","embeddable":true,"href":"https:\/\/revista-apunts.com\/ca\/wp-json\/wp\/v2\/tags\/?post=10638"}],"curies":[{"name":"wp","href":"https:\/\/api.w.org\/{rel}","templated":true}]}}