{"id":10623,"date":"2020-10-27T11:08:53","date_gmt":"2020-10-27T11:08:53","guid":{"rendered":"https:\/\/revista-apunts.com\/?p=10623"},"modified":"2020-12-23T10:15:32","modified_gmt":"2020-12-23T10:15:32","slug":"activitat-fisica-esport-i-insercio-social-un-estudi-exploratori-sobre-els-joves-en-barris-desfavorits","status":"publish","type":"post","link":"https:\/\/revista-apunts.com\/ca\/activitat-fisica-esport-i-insercio-social-un-estudi-exploratori-sobre-els-joves-en-barris-desfavorits\/","title":{"rendered":"Activitat f\u00edsica, esport i inserci\u00f3 social: un estudi exploratori sobre els joves en barris desfavorits"},"content":{"rendered":"\n<h2 class=\"wp-block-heading\">Resum<\/h2>\n\n\n<p>L\u2019article examina el lloc de l\u2019activitat f\u00edsica i l\u2019esport en relaci\u00f3 amb els programes d\u2019inserci\u00f3 social adre\u00e7ats als joves de barris desfavorits. La degradaci\u00f3 d\u2019aquestes zones ha anat creixent al llarg dels \u00faltims anys i els processos d\u2019exclusi\u00f3 han empitjorat les condicions de vida dels joves. Aquests fets obliguen a buscar nous enfocaments al voltant dels mecanismes d\u2019inserci\u00f3 juvenil. Considerem que les pr\u00e0ctiques esportives obren un espai d\u2019innovaci\u00f3 en les pol\u00edtiques d\u2019inserci\u00f3. Per tal d\u2019aproximar-nos a la q\u00fcesti\u00f3, ens hem centrat en els \u201cbarris d\u2019acci\u00f3 preferent\u201d de la Comunitat Valenciana i hem realitzat entrevistes explorat\u00f2ries a responsables dels serveis socials en contacte amb la problem\u00e0tica dels joves. La informaci\u00f3 recollida permetr\u00e0 de con\u00e8ixer les seves actituds respecte d\u2019aquest tema i caracteritzar les primeres experi\u00e8ncies desenvolupades en aquest \u00e0mbit.<\/p>\n\n <div class=\"tags\"> <p><strong>Paraules clau:<\/strong> <span>activitat fi\u0301sica<\/span>, <span>esport<\/span>, <span>exclusi\u00f3<\/span>, <span>joventut<\/span><\/p> <\/div> \n","protected":false},"excerpt":{"rendered":"<p>Resum L\u2019article examina el lloc de l\u2019activitat f\u00edsica i l\u2019esport en relaci\u00f3 amb els programes d\u2019inserci\u00f3 social adre\u00e7ats als joves de barris desfavorits. La degradaci\u00f3 d\u2019aquestes zones ha anat creixent al llarg dels \u00faltims anys i els processos d\u2019exclusi\u00f3 han empitjorat les condicions de vida dels joves. Aquests fets obliguen a buscar nous enfocaments al [&hellip;]<\/p>\n","protected":false},"author":1,"featured_media":0,"comment_status":"open","ping_status":"open","sticky":false,"template":"","format":"standard","meta":{"_editorskit_title_hidden":false,"_editorskit_reading_time":1,"_editorskit_is_block_options_detached":false,"_editorskit_block_options_position":"{}","inline_featured_image":false,"advgb_blocks_editor_width":"","advgb_blocks_columns_visual_guide":"","footnotes":""},"categories":[44],"tags":[154,153,4539,166],"author_meta":{"display_name":"doc_inefc","author_link":"https:\/\/revista-apunts.com\/ca\/author\/doc_inefc\/"},"featured_img":null,"coauthors":[],"tax_additional":{"categories":{"linked":["<a href=\"https:\/\/revista-apunts.com\/ca\/category\/ciencies-humanes-i-socials-ca\/\" class=\"advgb-post-tax-term\">Ci\u00e8ncies humanes i socials<\/a>"],"unlinked":["<span class=\"advgb-post-tax-term\">Ci\u00e8ncies humanes i socials<\/span>"]},"tags":{"linked":["<a href=\"https:\/\/revista-apunts.com\/ca\/category\/ciencies-humanes-i-socials-ca\/\" class=\"advgb-post-tax-term\">activitat fi\u0301sica<\/a>","<a href=\"https:\/\/revista-apunts.com\/ca\/category\/ciencies-humanes-i-socials-ca\/\" class=\"advgb-post-tax-term\">esport<\/a>","<a href=\"https:\/\/revista-apunts.com\/ca\/category\/ciencies-humanes-i-socials-ca\/\" class=\"advgb-post-tax-term\">exclusi\u00f3<\/a>","<a href=\"https:\/\/revista-apunts.com\/ca\/category\/ciencies-humanes-i-socials-ca\/\" class=\"advgb-post-tax-term\">joventut<\/a>"],"unlinked":["<span class=\"advgb-post-tax-term\">activitat fi\u0301sica<\/span>","<span class=\"advgb-post-tax-term\">esport<\/span>","<span class=\"advgb-post-tax-term\">exclusi\u00f3<\/span>","<span class=\"advgb-post-tax-term\">joventut<\/span>"]}},"comment_count":"0","relative_dates":{"created":"Posted 6 anys ago","modified":"Updated 5 anys ago"},"absolute_dates":{"created":"Posted on 27 octubre 2020","modified":"Updated on 23 desembre 2020"},"absolute_dates_time":{"created":"Posted on 27 octubre 2020 11:08","modified":"Updated on 23 desembre 2020 10:15"},"featured_img_caption":"","series_order":"","_links":{"self":[{"href":"https:\/\/revista-apunts.com\/ca\/wp-json\/wp\/v2\/posts\/10623\/"}],"collection":[{"href":"https:\/\/revista-apunts.com\/ca\/wp-json\/wp\/v2\/posts\/"}],"about":[{"href":"https:\/\/revista-apunts.com\/ca\/wp-json\/wp\/v2\/types\/post\/"}],"author":[{"embeddable":true,"href":"https:\/\/revista-apunts.com\/ca\/wp-json\/wp\/v2\/users\/1\/"}],"replies":[{"embeddable":true,"href":"https:\/\/revista-apunts.com\/ca\/wp-json\/wp\/v2\/comments\/?post=10623"}],"version-history":[{"count":1,"href":"https:\/\/revista-apunts.com\/ca\/wp-json\/wp\/v2\/posts\/10623\/revisions\/"}],"predecessor-version":[{"id":35332,"href":"https:\/\/revista-apunts.com\/ca\/wp-json\/wp\/v2\/posts\/10623\/revisions\/35332\/"}],"wp:attachment":[{"href":"https:\/\/revista-apunts.com\/ca\/wp-json\/wp\/v2\/media\/?parent=10623"}],"wp:term":[{"taxonomy":"category","embeddable":true,"href":"https:\/\/revista-apunts.com\/ca\/wp-json\/wp\/v2\/categories\/?post=10623"},{"taxonomy":"post_tag","embeddable":true,"href":"https:\/\/revista-apunts.com\/ca\/wp-json\/wp\/v2\/tags\/?post=10623"}],"curies":[{"name":"wp","href":"https:\/\/api.w.org\/{rel}","templated":true}]}}