{"id":10583,"date":"2020-10-27T11:08:34","date_gmt":"2020-10-27T11:08:34","guid":{"rendered":"https:\/\/revista-apunts.com\/?p=10583"},"modified":"2020-12-16T09:07:59","modified_gmt":"2020-12-16T09:07:59","slug":"espais-daccio-i-aventura","status":"publish","type":"post","link":"https:\/\/revista-apunts.com\/ca\/espais-daccio-i-aventura\/","title":{"rendered":"Espais d&#8217;Acci\u00f3 i Aventura"},"content":{"rendered":"\n<h2 class=\"wp-block-heading\">Resum<\/h2>\n\n\n<div align=\"\">\n<p class=\"journal-abstract\">El present article pret\u00e9n explicar una de les pr\u00e0ctiques educatives que es porten a terme al Col\u00b7legi d&#8217;Educaci\u00f3 Infantil i Prim\u00e0ria P\u00edo XII d&#8217;Osca. Als seus inicis, els espais d&#8217;acci\u00f3 i aventura van ser una experi\u00e8ncia docent encaminada a qu\u00e8 els nens petits poguessin satisfer la seva necessitat de joc i moviment en el propi centre escolar. Avui dia s&#8217;han convertit en una proposta did\u00e0ctica, concreta i sistem\u00e0tica, basada en la manipulaci\u00f3 pedag\u00f2gica de la circumst\u00e0ncia ambiental, que pot orientar la realitzaci\u00f3 d&#8217;una activitat f\u00edsica natural en l&#8217;educaci\u00f3 del nen de 3 a 8 anys. Als espais d&#8217;acci\u00f3 i aventura, cada nen, en funci\u00f3 de les seves caracter\u00edstiques personals, pot trobar la situaci\u00f3 ambiental adient per a manifestar les seves capacitats i marcar-se un ritme d&#8217;avan\u00e7ament progressiu en el seu desenvolupament. A m\u00e9s, els espais d&#8217;acci\u00f3 i aventura constitueixen un marc peculiar que afavoreix l&#8217;aparici\u00f3 d&#8217;una din\u00e0mica d&#8217;interacci\u00f3 especialment rica entre els nens i entre aquests i l&#8217;adult. Aquesta din\u00e0mica d&#8217;interacci\u00f3 impulsa les potencialitats dels petits i possibilita que posin en marxa diversos comportaments que els condueixen a un desenvolupament \u00f2ptim i equilibrat de la seva personalitat.<\/p>\n<\/div>\n\n\n\n\n\n<p><\/p>\n","protected":false},"excerpt":{"rendered":"<p>Resum El present article pret\u00e9n explicar una de les pr\u00e0ctiques educatives que es porten a terme al Col\u00b7legi d&#8217;Educaci\u00f3 Infantil i Prim\u00e0ria P\u00edo XII d&#8217;Osca. Als seus inicis, els espais d&#8217;acci\u00f3 i aventura van ser una experi\u00e8ncia docent encaminada a qu\u00e8 els nens petits poguessin satisfer la seva necessitat de joc i moviment en el [&hellip;]<\/p>\n","protected":false},"author":1,"featured_media":0,"comment_status":"open","ping_status":"open","sticky":false,"template":"","format":"standard","meta":{"_editorskit_title_hidden":false,"_editorskit_reading_time":1,"_editorskit_is_block_options_detached":false,"_editorskit_block_options_position":"{}","inline_featured_image":false,"advgb_blocks_editor_width":"","advgb_blocks_columns_visual_guide":"","footnotes":""},"categories":[4],"tags":[],"author_meta":{"display_name":"doc_inefc","author_link":"https:\/\/revista-apunts.com\/ca\/author\/doc_inefc\/"},"featured_img":null,"coauthors":[],"tax_additional":{"categories":{"linked":["<a href=\"https:\/\/revista-apunts.com\/ca\/category\/sense-categoria\/\" class=\"advgb-post-tax-term\">Sense categoria<\/a>"],"unlinked":["<span class=\"advgb-post-tax-term\">Sense categoria<\/span>"]}},"comment_count":"0","relative_dates":{"created":"Posted 6 anys ago","modified":"Updated 5 anys ago"},"absolute_dates":{"created":"Posted on 27 octubre 2020","modified":"Updated on 16 desembre 2020"},"absolute_dates_time":{"created":"Posted on 27 octubre 2020 11:08","modified":"Updated on 16 desembre 2020 09:07"},"featured_img_caption":"","series_order":"","_links":{"self":[{"href":"https:\/\/revista-apunts.com\/ca\/wp-json\/wp\/v2\/posts\/10583\/"}],"collection":[{"href":"https:\/\/revista-apunts.com\/ca\/wp-json\/wp\/v2\/posts\/"}],"about":[{"href":"https:\/\/revista-apunts.com\/ca\/wp-json\/wp\/v2\/types\/post\/"}],"author":[{"embeddable":true,"href":"https:\/\/revista-apunts.com\/ca\/wp-json\/wp\/v2\/users\/1\/"}],"replies":[{"embeddable":true,"href":"https:\/\/revista-apunts.com\/ca\/wp-json\/wp\/v2\/comments\/?post=10583"}],"version-history":[{"count":1,"href":"https:\/\/revista-apunts.com\/ca\/wp-json\/wp\/v2\/posts\/10583\/revisions\/"}],"predecessor-version":[{"id":34442,"href":"https:\/\/revista-apunts.com\/ca\/wp-json\/wp\/v2\/posts\/10583\/revisions\/34442\/"}],"wp:attachment":[{"href":"https:\/\/revista-apunts.com\/ca\/wp-json\/wp\/v2\/media\/?parent=10583"}],"wp:term":[{"taxonomy":"category","embeddable":true,"href":"https:\/\/revista-apunts.com\/ca\/wp-json\/wp\/v2\/categories\/?post=10583"},{"taxonomy":"post_tag","embeddable":true,"href":"https:\/\/revista-apunts.com\/ca\/wp-json\/wp\/v2\/tags\/?post=10583"}],"curies":[{"name":"wp","href":"https:\/\/api.w.org\/{rel}","templated":true}]}}