{"id":10460,"date":"2020-10-27T11:07:29","date_gmt":"2020-10-27T11:07:29","guid":{"rendered":"https:\/\/revista-apunts.com\/?p=10460"},"modified":"2020-12-01T08:07:52","modified_gmt":"2020-12-01T08:07:52","slug":"lescola-linstitut-la-rao-i-la-passio-un-mon-escolar-objectivat-pel-nen-la-nena-i-ladolescent-davui-al-voltant-de-la-classe-deducacio-fisica-un-proces","status":"publish","type":"post","link":"https:\/\/revista-apunts.com\/ca\/lescola-linstitut-la-rao-i-la-passio-un-mon-escolar-objectivat-pel-nen-la-nena-i-ladolescent-davui-al-voltant-de-la-classe-deducacio-fisica-un-proces\/","title":{"rendered":"L\u2019escola, l\u2019institut, la ra\u00f3 i la passi\u00f3. Un m\u00f3n escolar objectivat pel nen, la nena i l\u2019adolescent d\u2019avui, al voltant de la classe d\u2019Educaci\u00f3 F\u00edsica. Un proc\u00e9s de formaci\u00f3"},"content":{"rendered":"\n<p>Resumen<\/p>\n\n\n<p>L\u2019escola forma part de la socialitzaci\u00f3 del nen, la nena i l\u2019adolescent d\u2019avui com a subjectes de drets1 i no solament com a \u00e9ssers de responsabilitats i deures; aquesta (l\u2019escola), no nom\u00e9s \u00e9s un factor important en l\u2019aprenentatge de coneixements que l\u2019habiliten per espavilar-se millor en l\u2019era (ona) del coneixement i la informaci\u00f3, sin\u00f3 que tamb\u00e9 forma part del seu aprenentatge social i cultural. <br> Enmig de l\u2019ambient escolar, el subjecte de l\u2019educaci\u00f3 crea i recrea cultura en donar sentit i significat a les seves viv\u00e8ncies i objectivacions escolars, alhora que forma un teixit de relacions substancials amb tota la comunitat educativa (estudiants, pares de fam\u00edlia, professors i directius entre d\u2019altres); per tant, l\u2019escola \u00e9s m\u00e9s que la relaci\u00f3 professor-estudiant, \u00e9s m\u00f3n de la vida en qu\u00e8 es d\u00f3na sentit a tot el que s\u2019hi viu.<\/p>\n\n <div class=\"tags\"> <p><strong>Paraules clau:<\/strong> <span>educaci\u00f3 f\u00edsica<\/span>, <span>Formaci\u00f3<\/span>, <span>formaci\u00f3n<\/span>, <span>joc<\/span>, <span>passi\u00f3<\/span>, <span>ra\u00f3<\/span><\/p> <\/div> \n","protected":false},"excerpt":{"rendered":"<p>Resumen L\u2019escola forma part de la socialitzaci\u00f3 del nen, la nena i l\u2019adolescent d\u2019avui com a subjectes de drets1 i no solament com a \u00e9ssers de responsabilitats i deures; aquesta (l\u2019escola), no nom\u00e9s \u00e9s un factor important en l\u2019aprenentatge de coneixements que l\u2019habiliten per espavilar-se millor en l\u2019era (ona) del coneixement i la informaci\u00f3, sin\u00f3 [&hellip;]<\/p>\n","protected":false},"author":1,"featured_media":0,"comment_status":"open","ping_status":"open","sticky":false,"template":"","format":"standard","meta":{"_editorskit_title_hidden":false,"_editorskit_reading_time":1,"_editorskit_is_block_options_detached":false,"_editorskit_block_options_position":"{}","inline_featured_image":false,"advgb_blocks_editor_width":"","advgb_blocks_columns_visual_guide":"","footnotes":""},"categories":[4],"tags":[119,3929,9911,3994,4275,4274],"author_meta":{"display_name":"doc_inefc","author_link":"https:\/\/revista-apunts.com\/ca\/author\/doc_inefc\/"},"featured_img":null,"coauthors":[],"tax_additional":{"categories":{"linked":["<a href=\"https:\/\/revista-apunts.com\/ca\/category\/sense-categoria\/\" class=\"advgb-post-tax-term\">Sense categoria<\/a>"],"unlinked":["<span class=\"advgb-post-tax-term\">Sense categoria<\/span>"]},"tags":{"linked":["<a href=\"https:\/\/revista-apunts.com\/ca\/category\/sense-categoria\/\" class=\"advgb-post-tax-term\">educaci\u00f3 f\u00edsica<\/a>","<a href=\"https:\/\/revista-apunts.com\/ca\/category\/sense-categoria\/\" class=\"advgb-post-tax-term\">Formaci\u00f3<\/a>","<a href=\"https:\/\/revista-apunts.com\/ca\/category\/sense-categoria\/\" class=\"advgb-post-tax-term\">formaci\u00f3n<\/a>","<a href=\"https:\/\/revista-apunts.com\/ca\/category\/sense-categoria\/\" class=\"advgb-post-tax-term\">joc<\/a>","<a href=\"https:\/\/revista-apunts.com\/ca\/category\/sense-categoria\/\" class=\"advgb-post-tax-term\">passi\u00f3<\/a>","<a href=\"https:\/\/revista-apunts.com\/ca\/category\/sense-categoria\/\" class=\"advgb-post-tax-term\">ra\u00f3<\/a>"],"unlinked":["<span class=\"advgb-post-tax-term\">educaci\u00f3 f\u00edsica<\/span>","<span class=\"advgb-post-tax-term\">Formaci\u00f3<\/span>","<span class=\"advgb-post-tax-term\">formaci\u00f3n<\/span>","<span class=\"advgb-post-tax-term\">joc<\/span>","<span class=\"advgb-post-tax-term\">passi\u00f3<\/span>","<span class=\"advgb-post-tax-term\">ra\u00f3<\/span>"]}},"comment_count":"0","relative_dates":{"created":"Posted 6 anys ago","modified":"Updated 5 anys ago"},"absolute_dates":{"created":"Posted on 27 octubre 2020","modified":"Updated on 1 desembre 2020"},"absolute_dates_time":{"created":"Posted on 27 octubre 2020 11:07","modified":"Updated on 1 desembre 2020 08:07"},"featured_img_caption":"","series_order":"","_links":{"self":[{"href":"https:\/\/revista-apunts.com\/ca\/wp-json\/wp\/v2\/posts\/10460\/"}],"collection":[{"href":"https:\/\/revista-apunts.com\/ca\/wp-json\/wp\/v2\/posts\/"}],"about":[{"href":"https:\/\/revista-apunts.com\/ca\/wp-json\/wp\/v2\/types\/post\/"}],"author":[{"embeddable":true,"href":"https:\/\/revista-apunts.com\/ca\/wp-json\/wp\/v2\/users\/1\/"}],"replies":[{"embeddable":true,"href":"https:\/\/revista-apunts.com\/ca\/wp-json\/wp\/v2\/comments\/?post=10460"}],"version-history":[{"count":1,"href":"https:\/\/revista-apunts.com\/ca\/wp-json\/wp\/v2\/posts\/10460\/revisions\/"}],"predecessor-version":[{"id":32643,"href":"https:\/\/revista-apunts.com\/ca\/wp-json\/wp\/v2\/posts\/10460\/revisions\/32643\/"}],"wp:attachment":[{"href":"https:\/\/revista-apunts.com\/ca\/wp-json\/wp\/v2\/media\/?parent=10460"}],"wp:term":[{"taxonomy":"category","embeddable":true,"href":"https:\/\/revista-apunts.com\/ca\/wp-json\/wp\/v2\/categories\/?post=10460"},{"taxonomy":"post_tag","embeddable":true,"href":"https:\/\/revista-apunts.com\/ca\/wp-json\/wp\/v2\/tags\/?post=10460"}],"curies":[{"name":"wp","href":"https:\/\/api.w.org\/{rel}","templated":true}]}}