{"id":10435,"date":"2020-10-27T11:07:03","date_gmt":"2020-10-27T11:07:03","guid":{"rendered":"https:\/\/revista-apunts.com\/?p=10435"},"modified":"2020-12-08T13:25:57","modified_gmt":"2020-12-08T13:25:57","slug":"lesport-una-potencialeina-formativa","status":"publish","type":"post","link":"https:\/\/revista-apunts.com\/ca\/lesport-una-potencialeina-formativa\/","title":{"rendered":"L\u2019esport, una potencial\neina formativa"},"content":{"rendered":"\n<h2 class=\"wp-block-heading\">Resum<\/h2>\n\n\n<p>Aquest 2004 ha estat declarat pel Consell de la Uni\u00f3 Europea i el Parlament Europeu com a \u201cAny europeu de l\u2019Educaci\u00f3 mitjan\u00e7ant l\u2019esport\u201d. \u00c9s una oportunitat \u00fanica per parlar i reflexionar plegats sobre el potencial educatiu de l\u2019esport. No \u00e9s l\u2019any europeu de l\u2019Esport, ni tampoc l\u2019any europeu de l\u2019Educaci\u00f3 F\u00edsica; \u00e9s l\u2019any europeu de l\u2019Educaci\u00f3 mitjan\u00e7ant l\u2019Esport. Dit d\u2019una altra manera: durant el 2004, els governs dels diferents pa\u00efsos europeus es preocuparan de promoure l\u2019Esport com a eina educativa.<\/p>\n\n\n","protected":false},"excerpt":{"rendered":"<p>Resum Aquest 2004 ha estat declarat pel Consell de la Uni\u00f3 Europea i el Parlament Europeu com a \u201cAny europeu de l\u2019Educaci\u00f3 mitjan\u00e7ant l\u2019esport\u201d. \u00c9s una oportunitat \u00fanica per parlar i reflexionar plegats sobre el potencial educatiu de l\u2019esport. No \u00e9s l\u2019any europeu de l\u2019Esport, ni tampoc l\u2019any europeu de l\u2019Educaci\u00f3 F\u00edsica; \u00e9s l\u2019any europeu [&hellip;]<\/p>\n","protected":false},"author":1,"featured_media":0,"comment_status":"open","ping_status":"open","sticky":false,"template":"","format":"standard","meta":{"_editorskit_title_hidden":false,"_editorskit_reading_time":1,"_editorskit_is_block_options_detached":false,"_editorskit_block_options_position":"{}","inline_featured_image":false,"advgb_blocks_editor_width":"","advgb_blocks_columns_visual_guide":"","footnotes":""},"categories":[8518],"tags":[],"author_meta":{"display_name":"doc_inefc","author_link":"https:\/\/revista-apunts.com\/ca\/author\/doc_inefc\/"},"featured_img":null,"coauthors":[],"tax_additional":{"categories":{"linked":["<a href=\"https:\/\/revista-apunts.com\/ca\/category\/opinio\/\" class=\"advgb-post-tax-term\">Opini\u00f3<\/a>"],"unlinked":["<span class=\"advgb-post-tax-term\">Opini\u00f3<\/span>"]}},"comment_count":"0","relative_dates":{"created":"Posted 6 anys ago","modified":"Updated 5 anys ago"},"absolute_dates":{"created":"Posted on 27 octubre 2020","modified":"Updated on 8 desembre 2020"},"absolute_dates_time":{"created":"Posted on 27 octubre 2020 11:07","modified":"Updated on 8 desembre 2020 13:25"},"featured_img_caption":"","series_order":"","_links":{"self":[{"href":"https:\/\/revista-apunts.com\/ca\/wp-json\/wp\/v2\/posts\/10435\/"}],"collection":[{"href":"https:\/\/revista-apunts.com\/ca\/wp-json\/wp\/v2\/posts\/"}],"about":[{"href":"https:\/\/revista-apunts.com\/ca\/wp-json\/wp\/v2\/types\/post\/"}],"author":[{"embeddable":true,"href":"https:\/\/revista-apunts.com\/ca\/wp-json\/wp\/v2\/users\/1\/"}],"replies":[{"embeddable":true,"href":"https:\/\/revista-apunts.com\/ca\/wp-json\/wp\/v2\/comments\/?post=10435"}],"version-history":[{"count":1,"href":"https:\/\/revista-apunts.com\/ca\/wp-json\/wp\/v2\/posts\/10435\/revisions\/"}],"predecessor-version":[{"id":33500,"href":"https:\/\/revista-apunts.com\/ca\/wp-json\/wp\/v2\/posts\/10435\/revisions\/33500\/"}],"wp:attachment":[{"href":"https:\/\/revista-apunts.com\/ca\/wp-json\/wp\/v2\/media\/?parent=10435"}],"wp:term":[{"taxonomy":"category","embeddable":true,"href":"https:\/\/revista-apunts.com\/ca\/wp-json\/wp\/v2\/categories\/?post=10435"},{"taxonomy":"post_tag","embeddable":true,"href":"https:\/\/revista-apunts.com\/ca\/wp-json\/wp\/v2\/tags\/?post=10435"}],"curies":[{"name":"wp","href":"https:\/\/api.w.org\/{rel}","templated":true}]}}