{"id":10422,"date":"2020-10-27T11:07:03","date_gmt":"2020-10-27T11:07:03","guid":{"rendered":"https:\/\/revista-apunts.com\/?p=10422"},"modified":"2021-01-17T08:14:03","modified_gmt":"2021-01-17T08:14:03","slug":"relacio-entre-el-desenvolupament-motor-i-el-desenvolupament-intellectual-un-estudi-empiric","status":"publish","type":"post","link":"https:\/\/revista-apunts.com\/ca\/relacio-entre-el-desenvolupament-motor-i-el-desenvolupament-intellectual-un-estudi-empiric\/","title":{"rendered":"Relaci\u00f3 entre el desenvolupament motor i el desenvolupament intel\u00b7lectual. Un estudi emp\u00edric"},"content":{"rendered":"\n<h2 class=\"wp-block-heading\">Resum<\/h2>\n\n\n<p>Sovint s\u2019ha especulat sobre els vincles que poden relacionar el desenvolupament de la motricitat i el desenvolupament cognoscitiu; han estat molts els autors que han tractat aquest aspecte i nombrosos els estudis resultants. Des de l\u2019\u00e0mbit de l\u2019educaci\u00f3 f\u00edsica, tamb\u00e9 s\u2019han despertat inquietuds en aquest sentit, at\u00e8s que sovint han sorgit creences, basades generalment en la intu\u00efci\u00f3, que un bon desenvolupament motriu generava necess\u00e0riament un bon rendiment cognoscitiu. Aquest estudi vol detectar les possibles relacions entre registres motors i intel\u00b7lectuals agrupats en tres blocs: Habilitats motrius globals i fines, habilitats motrius implicades en l\u2019educaci\u00f3 escolar i aptituds mentals (verbal i num\u00e8rica).<\/p>\n\n <div class=\"tags\"> <p><strong>Paraules clau:<\/strong> <span>aptituds mentals<\/span>, <span>expressi\u00f3 escrita<\/span>, <span>habilitats motrius<\/span><\/p> <\/div> \n","protected":false},"excerpt":{"rendered":"<p>Resum Sovint s\u2019ha especulat sobre els vincles que poden relacionar el desenvolupament de la motricitat i el desenvolupament cognoscitiu; han estat molts els autors que han tractat aquest aspecte i nombrosos els estudis resultants. Des de l\u2019\u00e0mbit de l\u2019educaci\u00f3 f\u00edsica, tamb\u00e9 s\u2019han despertat inquietuds en aquest sentit, at\u00e8s que sovint han sorgit creences, basades generalment [&hellip;]<\/p>\n","protected":false},"author":1,"featured_media":0,"comment_status":"open","ping_status":"open","sticky":false,"template":"","format":"standard","meta":{"_editorskit_title_hidden":false,"_editorskit_reading_time":1,"_editorskit_is_block_options_detached":false,"_editorskit_block_options_position":"{}","inline_featured_image":false,"advgb_blocks_editor_width":"","advgb_blocks_columns_visual_guide":"","footnotes":""},"categories":[9466],"tags":[4212,4211,657],"author_meta":{"display_name":"doc_inefc","author_link":"https:\/\/revista-apunts.com\/ca\/author\/doc_inefc\/"},"featured_img":null,"coauthors":[],"tax_additional":{"categories":{"linked":["<a href=\"https:\/\/revista-apunts.com\/ca\/category\/ciencies-aplicades-a-lactivitat-fisica-i-lesport-ca\/\" class=\"advgb-post-tax-term\">Ci\u00e8ncies aplicades a l\u2019activitat f\u00edsica i l\u2019esport<\/a>"],"unlinked":["<span class=\"advgb-post-tax-term\">Ci\u00e8ncies aplicades a l\u2019activitat f\u00edsica i l\u2019esport<\/span>"]},"tags":{"linked":["<a href=\"https:\/\/revista-apunts.com\/ca\/category\/ciencies-aplicades-a-lactivitat-fisica-i-lesport-ca\/\" class=\"advgb-post-tax-term\">aptituds mentals<\/a>","<a href=\"https:\/\/revista-apunts.com\/ca\/category\/ciencies-aplicades-a-lactivitat-fisica-i-lesport-ca\/\" class=\"advgb-post-tax-term\">expressi\u00f3 escrita<\/a>","<a href=\"https:\/\/revista-apunts.com\/ca\/category\/ciencies-aplicades-a-lactivitat-fisica-i-lesport-ca\/\" class=\"advgb-post-tax-term\">habilitats motrius<\/a>"],"unlinked":["<span class=\"advgb-post-tax-term\">aptituds mentals<\/span>","<span class=\"advgb-post-tax-term\">expressi\u00f3 escrita<\/span>","<span class=\"advgb-post-tax-term\">habilitats motrius<\/span>"]}},"comment_count":"0","relative_dates":{"created":"Posted 6 anys ago","modified":"Updated 5 anys ago"},"absolute_dates":{"created":"Posted on 27 octubre 2020","modified":"Updated on 17 gener 2021"},"absolute_dates_time":{"created":"Posted on 27 octubre 2020 11:07","modified":"Updated on 17 gener 2021 08:14"},"featured_img_caption":"","series_order":"","_links":{"self":[{"href":"https:\/\/revista-apunts.com\/ca\/wp-json\/wp\/v2\/posts\/10422\/"}],"collection":[{"href":"https:\/\/revista-apunts.com\/ca\/wp-json\/wp\/v2\/posts\/"}],"about":[{"href":"https:\/\/revista-apunts.com\/ca\/wp-json\/wp\/v2\/types\/post\/"}],"author":[{"embeddable":true,"href":"https:\/\/revista-apunts.com\/ca\/wp-json\/wp\/v2\/users\/1\/"}],"replies":[{"embeddable":true,"href":"https:\/\/revista-apunts.com\/ca\/wp-json\/wp\/v2\/comments\/?post=10422"}],"version-history":[{"count":1,"href":"https:\/\/revista-apunts.com\/ca\/wp-json\/wp\/v2\/posts\/10422\/revisions\/"}],"predecessor-version":[{"id":33454,"href":"https:\/\/revista-apunts.com\/ca\/wp-json\/wp\/v2\/posts\/10422\/revisions\/33454\/"}],"wp:attachment":[{"href":"https:\/\/revista-apunts.com\/ca\/wp-json\/wp\/v2\/media\/?parent=10422"}],"wp:term":[{"taxonomy":"category","embeddable":true,"href":"https:\/\/revista-apunts.com\/ca\/wp-json\/wp\/v2\/categories\/?post=10422"},{"taxonomy":"post_tag","embeddable":true,"href":"https:\/\/revista-apunts.com\/ca\/wp-json\/wp\/v2\/tags\/?post=10422"}],"curies":[{"name":"wp","href":"https:\/\/api.w.org\/{rel}","templated":true}]}}