{"id":10418,"date":"2020-10-27T11:07:03","date_gmt":"2020-10-27T11:07:03","guid":{"rendered":"https:\/\/revista-apunts.com\/?p=10418"},"modified":"2021-01-17T08:13:15","modified_gmt":"2021-01-17T08:13:15","slug":"esport-i-autoconcepte-fisicen-la-preadolescencia","status":"publish","type":"post","link":"https:\/\/revista-apunts.com\/ca\/esport-i-autoconcepte-fisicen-la-preadolescencia\/","title":{"rendered":"Esport i autoconcepte f\u00edsicen la preadolesc\u00e8ncia"},"content":{"rendered":"\n<h2 class=\"wp-block-heading\">Resumen<\/h2>\n\n\n<p>Es considera provat que l\u2019activitat f\u00edsica i la pr\u00e0ctica esportiva tenen una relaci\u00f3 directa amb l\u2019autoconcepte i que la relaci\u00f3 esmentada \u00e9s bidireccional. Cal, per\u00f2, matisar aquesta afirmaci\u00f3, perqu\u00e8 tamb\u00e9 se sap, per exemple, que no de tota activitat f\u00edsica se\u2019n deriven, ras i curt, efectes beneficiosos, que s\u2019han trobat associacions entre la insatisfacci\u00f3 corporal i l\u2019exercici f\u00edsic excessiu o que resulta inadequat al\u00b7ludir a l\u2019autoconcepte de forma gen\u00e8rica sense diferenciar-ne dimensions. <br> En aquest estudi, realitzat amb 343 estudiants de 13 a 16 anys, s\u2019ofereixen dades obtingudes mitjan\u00e7ant un nou Q\u00fcestionari d\u2019Autoconcepte F\u00edsic (QAF) que permeten de precisar la relaci\u00f3 existent entre l\u2019autoconcepte f\u00edsic i variables com ara la pr\u00e0ctica esportiva, el g\u00e8nere, l\u2019edat, l\u2019\u00edndex de massa corporal i el grau de satisfacci\u00f3 corporal.<\/p>\n\n <div class=\"tags\"> <p><strong>Paraules clau:<\/strong> <span>autoconcepte f\u00edsic<\/span>, <span>esport<\/span>, <span>massa corporal<\/span>, <span>preadolescencia<\/span><\/p> <\/div> \n","protected":false},"excerpt":{"rendered":"<p>Resumen Es considera provat que l\u2019activitat f\u00edsica i la pr\u00e0ctica esportiva tenen una relaci\u00f3 directa amb l\u2019autoconcepte i que la relaci\u00f3 esmentada \u00e9s bidireccional. Cal, per\u00f2, matisar aquesta afirmaci\u00f3, perqu\u00e8 tamb\u00e9 se sap, per exemple, que no de tota activitat f\u00edsica se\u2019n deriven, ras i curt, efectes beneficiosos, que s\u2019han trobat associacions entre la insatisfacci\u00f3 [&hellip;]<\/p>\n","protected":false},"author":1,"featured_media":0,"comment_status":"open","ping_status":"open","sticky":false,"template":"","format":"standard","meta":{"_editorskit_title_hidden":false,"_editorskit_reading_time":1,"_editorskit_is_block_options_detached":false,"_editorskit_block_options_position":"{}","inline_featured_image":false,"advgb_blocks_editor_width":"","advgb_blocks_columns_visual_guide":"","footnotes":""},"categories":[9466],"tags":[132,153,4205,9524],"author_meta":{"display_name":"doc_inefc","author_link":"https:\/\/revista-apunts.com\/ca\/author\/doc_inefc\/"},"featured_img":null,"coauthors":[],"tax_additional":{"categories":{"linked":["<a href=\"https:\/\/revista-apunts.com\/ca\/category\/ciencies-aplicades-a-lactivitat-fisica-i-lesport-ca\/\" class=\"advgb-post-tax-term\">Ci\u00e8ncies aplicades a l\u2019activitat f\u00edsica i l\u2019esport<\/a>"],"unlinked":["<span class=\"advgb-post-tax-term\">Ci\u00e8ncies aplicades a l\u2019activitat f\u00edsica i l\u2019esport<\/span>"]},"tags":{"linked":["<a href=\"https:\/\/revista-apunts.com\/ca\/category\/ciencies-aplicades-a-lactivitat-fisica-i-lesport-ca\/\" class=\"advgb-post-tax-term\">autoconcepte f\u00edsic<\/a>","<a href=\"https:\/\/revista-apunts.com\/ca\/category\/ciencies-aplicades-a-lactivitat-fisica-i-lesport-ca\/\" class=\"advgb-post-tax-term\">esport<\/a>","<a href=\"https:\/\/revista-apunts.com\/ca\/category\/ciencies-aplicades-a-lactivitat-fisica-i-lesport-ca\/\" class=\"advgb-post-tax-term\">massa corporal<\/a>","<a href=\"https:\/\/revista-apunts.com\/ca\/category\/ciencies-aplicades-a-lactivitat-fisica-i-lesport-ca\/\" class=\"advgb-post-tax-term\">preadolescencia<\/a>"],"unlinked":["<span class=\"advgb-post-tax-term\">autoconcepte f\u00edsic<\/span>","<span class=\"advgb-post-tax-term\">esport<\/span>","<span class=\"advgb-post-tax-term\">massa corporal<\/span>","<span class=\"advgb-post-tax-term\">preadolescencia<\/span>"]}},"comment_count":"0","relative_dates":{"created":"Posted 6 anys ago","modified":"Updated 5 anys ago"},"absolute_dates":{"created":"Posted on 27 octubre 2020","modified":"Updated on 17 gener 2021"},"absolute_dates_time":{"created":"Posted on 27 octubre 2020 11:07","modified":"Updated on 17 gener 2021 08:13"},"featured_img_caption":"","series_order":"","_links":{"self":[{"href":"https:\/\/revista-apunts.com\/ca\/wp-json\/wp\/v2\/posts\/10418\/"}],"collection":[{"href":"https:\/\/revista-apunts.com\/ca\/wp-json\/wp\/v2\/posts\/"}],"about":[{"href":"https:\/\/revista-apunts.com\/ca\/wp-json\/wp\/v2\/types\/post\/"}],"author":[{"embeddable":true,"href":"https:\/\/revista-apunts.com\/ca\/wp-json\/wp\/v2\/users\/1\/"}],"replies":[{"embeddable":true,"href":"https:\/\/revista-apunts.com\/ca\/wp-json\/wp\/v2\/comments\/?post=10418"}],"version-history":[{"count":2,"href":"https:\/\/revista-apunts.com\/ca\/wp-json\/wp\/v2\/posts\/10418\/revisions\/"}],"predecessor-version":[{"id":41673,"href":"https:\/\/revista-apunts.com\/ca\/wp-json\/wp\/v2\/posts\/10418\/revisions\/41673\/"}],"wp:attachment":[{"href":"https:\/\/revista-apunts.com\/ca\/wp-json\/wp\/v2\/media\/?parent=10418"}],"wp:term":[{"taxonomy":"category","embeddable":true,"href":"https:\/\/revista-apunts.com\/ca\/wp-json\/wp\/v2\/categories\/?post=10418"},{"taxonomy":"post_tag","embeddable":true,"href":"https:\/\/revista-apunts.com\/ca\/wp-json\/wp\/v2\/tags\/?post=10418"}],"curies":[{"name":"wp","href":"https:\/\/api.w.org\/{rel}","templated":true}]}}