{"id":10411,"date":"2020-10-27T11:06:51","date_gmt":"2020-10-27T11:06:51","guid":{"rendered":"https:\/\/revista-apunts.com\/?p=10411"},"modified":"2020-12-07T16:32:07","modified_gmt":"2020-12-07T16:32:07","slug":"lesport-a-les-faveles","status":"publish","type":"post","link":"https:\/\/revista-apunts.com\/ca\/lesport-a-les-faveles\/","title":{"rendered":"L\u2019esport a les faveles"},"content":{"rendered":"\n<h2 class=\"wp-block-heading\">Resum<\/h2>\n\n\n<p>Per als qui no em coneguin, em dic Lars Grael i s\u00f3c del Brasil. S\u00f3c un antic atleta ol\u00edmpic. Vaig guanyar dues medalles de bronze en l\u2019especialitat de vela, classe Tornado, a Se\u00fcl 1988 i a Atlanta 1996 i tamb\u00e9 vaig competir a Los Angeles 1984, i aqu\u00ed, a Barcelona 92. El 1998, quan m\u2019entrenava per a Sydney, una llanxa motora va xocar contra el meu veler i va passar-me pel damunt, em va tallar la cama dreta i gaireb\u00e9 va acabar amb la meva vida. L\u2019accident em va produir un gran trauma i gent de tot Brasil em va enviar les seves oracions i bons desitjos. M\u00e9s endavant, l\u2019expresident Cardoso em va invitar a treballar com a executiu en un Institut Estatal dedicat al desenvolupament dels esports al Brasil.<\/p>\n\n\n","protected":false},"excerpt":{"rendered":"<p>Resum Per als qui no em coneguin, em dic Lars Grael i s\u00f3c del Brasil. S\u00f3c un antic atleta ol\u00edmpic. Vaig guanyar dues medalles de bronze en l\u2019especialitat de vela, classe Tornado, a Se\u00fcl 1988 i a Atlanta 1996 i tamb\u00e9 vaig competir a Los Angeles 1984, i aqu\u00ed, a Barcelona 92. El 1998, quan [&hellip;]<\/p>\n","protected":false},"author":1,"featured_media":0,"comment_status":"open","ping_status":"open","sticky":false,"template":"","format":"standard","meta":{"_editorskit_title_hidden":false,"_editorskit_reading_time":1,"_editorskit_is_block_options_detached":false,"_editorskit_block_options_position":"{}","inline_featured_image":false,"advgb_blocks_editor_width":"","advgb_blocks_columns_visual_guide":"","footnotes":""},"categories":[8509],"tags":[],"author_meta":{"display_name":"doc_inefc","author_link":"https:\/\/revista-apunts.com\/ca\/author\/doc_inefc\/"},"featured_img":null,"coauthors":[],"tax_additional":{"categories":{"linked":["<a href=\"https:\/\/revista-apunts.com\/ca\/category\/apunts-per-al-segle-xxi\/\" class=\"advgb-post-tax-term\">Apunts per al segle XXI<\/a>"],"unlinked":["<span class=\"advgb-post-tax-term\">Apunts per al segle XXI<\/span>"]}},"comment_count":"0","relative_dates":{"created":"Posted 6 anys ago","modified":"Updated 5 anys ago"},"absolute_dates":{"created":"Posted on 27 octubre 2020","modified":"Updated on 7 desembre 2020"},"absolute_dates_time":{"created":"Posted on 27 octubre 2020 11:06","modified":"Updated on 7 desembre 2020 16:32"},"featured_img_caption":"","series_order":"","_links":{"self":[{"href":"https:\/\/revista-apunts.com\/ca\/wp-json\/wp\/v2\/posts\/10411\/"}],"collection":[{"href":"https:\/\/revista-apunts.com\/ca\/wp-json\/wp\/v2\/posts\/"}],"about":[{"href":"https:\/\/revista-apunts.com\/ca\/wp-json\/wp\/v2\/types\/post\/"}],"author":[{"embeddable":true,"href":"https:\/\/revista-apunts.com\/ca\/wp-json\/wp\/v2\/users\/1\/"}],"replies":[{"embeddable":true,"href":"https:\/\/revista-apunts.com\/ca\/wp-json\/wp\/v2\/comments\/?post=10411"}],"version-history":[{"count":1,"href":"https:\/\/revista-apunts.com\/ca\/wp-json\/wp\/v2\/posts\/10411\/revisions\/"}],"predecessor-version":[{"id":33414,"href":"https:\/\/revista-apunts.com\/ca\/wp-json\/wp\/v2\/posts\/10411\/revisions\/33414\/"}],"wp:attachment":[{"href":"https:\/\/revista-apunts.com\/ca\/wp-json\/wp\/v2\/media\/?parent=10411"}],"wp:term":[{"taxonomy":"category","embeddable":true,"href":"https:\/\/revista-apunts.com\/ca\/wp-json\/wp\/v2\/categories\/?post=10411"},{"taxonomy":"post_tag","embeddable":true,"href":"https:\/\/revista-apunts.com\/ca\/wp-json\/wp\/v2\/tags\/?post=10411"}],"curies":[{"name":"wp","href":"https:\/\/api.w.org\/{rel}","templated":true}]}}