{"id":10407,"date":"2020-10-27T11:06:51","date_gmt":"2020-10-27T11:06:51","guid":{"rendered":"https:\/\/revista-apunts.com\/?p=10407"},"modified":"2020-12-07T16:15:12","modified_gmt":"2020-12-07T16:15:12","slug":"lesport-i-la-seva-contribucioal-desenvolupament-i-la-pau-reflexions-del-jutge-keba-mbaye","status":"publish","type":"post","link":"https:\/\/revista-apunts.com\/ca\/lesport-i-la-seva-contribucioal-desenvolupament-i-la-pau-reflexions-del-jutge-keba-mbaye\/","title":{"rendered":"L\u2019esport i la seva contribuci\u00f3\nal desenvolupament i la pau.\nReflexions del jutge K\u00e9ba M\u2019Baye"},"content":{"rendered":"\n<h2 class=\"wp-block-heading\">Resum<\/h2>\n\n\n<p>Aquest article \u00e9s la versi\u00f3 liter\u00e0ria, encara que volunt\u00e0riament mant\u00e9 el to col\u00b7loquial d\u2019una presentaci\u00f3 oral, de la sessi\u00f3 amb qu\u00e8 es va cloure el Di\u00e0leg. Aquesta fou enregistrada i Marta Fullana n\u2019ha fet la transcripci\u00f3 escrita tot vetllant per \u00e9sser fidel al m\u00e0xim respecte al que s\u2019hi va dir.<br> Inicialment, i seguint la filosofia de tot el Di\u00e0leg, a la sessi\u00f3 hi havia d\u2019haver un di\u00e0leg entre Joan Antoni Samaranch, president d\u2019honor del CIO i del Comit\u00e8 d\u2019Honor del mateix Di\u00e0leg i el jutge K\u00e9ba M\u2019Baye, president del Tribunal Arbitral de l\u2019Esport (TAE) i de la Comissi\u00f3 \u00c8tica del CIO. Malauradament, una lleu indisposici\u00f3 va impedir la participaci\u00f3 del primer dels ponents. Samaranch va enviar una salutaci\u00f3, a manera de cloenda del Di\u00e0leg, que fou llegida pel Sr. Zhenliang He, president de la Comissi\u00f3 per a la Cultura i l\u2019Educaci\u00f3 Ol\u00edmpica del CIO, i que s\u2019inclou de manera destacada al final d\u2019aquesta part. <br> La sessi\u00f3 fou moderada per Xavier Ventura, periodista de La Vanguardia, de reconegut prestigi \u2013entre d\u2019altres\u2013 per les seves cr\u00f2niques a l\u2019entorn del moviment ol\u00edmpic.<br> En iniciar la sessi\u00f3 es va projectar un v\u00eddeo on es recollien els moments hist\u00f2rics m\u00e9s emblem\u00e0tics pel que fa al comprom\u00eds del CIO \u2013i Samaranch en particular\u2013 amb la pau. <br> L\u2019article tamb\u00e9 inclou els aspectes m\u00e9s destacats del debat que tingu\u00e9 lloc un cop acabada la presentaci\u00f3 del jutge M\u2019Baye<\/p>\n\n <div class=\"tags\"> <p><strong>Paraules clau:<\/strong> <span>Apartheid<\/span>, <span>esport<\/span>, <span>olimpisme<\/span>, <span>pau<\/span>, <span>treva ol\u00edmpica<\/span><\/p> <\/div> \n","protected":false},"excerpt":{"rendered":"<p>Resum Aquest article \u00e9s la versi\u00f3 liter\u00e0ria, encara que volunt\u00e0riament mant\u00e9 el to col\u00b7loquial d\u2019una presentaci\u00f3 oral, de la sessi\u00f3 amb qu\u00e8 es va cloure el Di\u00e0leg. Aquesta fou enregistrada i Marta Fullana n\u2019ha fet la transcripci\u00f3 escrita tot vetllant per \u00e9sser fidel al m\u00e0xim respecte al que s\u2019hi va dir. Inicialment, i seguint la [&hellip;]<\/p>\n","protected":false},"author":1,"featured_media":0,"comment_status":"open","ping_status":"open","sticky":false,"template":"","format":"standard","meta":{"_editorskit_title_hidden":false,"_editorskit_reading_time":1,"_editorskit_is_block_options_detached":false,"_editorskit_block_options_position":"{}","inline_featured_image":false,"advgb_blocks_editor_width":"","advgb_blocks_columns_visual_guide":"","footnotes":""},"categories":[8509],"tags":[1231,153,4190,4181,4189],"author_meta":{"display_name":"doc_inefc","author_link":"https:\/\/revista-apunts.com\/ca\/author\/doc_inefc\/"},"featured_img":null,"coauthors":[],"tax_additional":{"categories":{"linked":["<a href=\"https:\/\/revista-apunts.com\/ca\/category\/apunts-per-al-segle-xxi\/\" class=\"advgb-post-tax-term\">Apunts per al segle XXI<\/a>"],"unlinked":["<span class=\"advgb-post-tax-term\">Apunts per al segle XXI<\/span>"]},"tags":{"linked":["<a href=\"https:\/\/revista-apunts.com\/ca\/category\/apunts-per-al-segle-xxi\/\" class=\"advgb-post-tax-term\">Apartheid<\/a>","<a href=\"https:\/\/revista-apunts.com\/ca\/category\/apunts-per-al-segle-xxi\/\" class=\"advgb-post-tax-term\">esport<\/a>","<a href=\"https:\/\/revista-apunts.com\/ca\/category\/apunts-per-al-segle-xxi\/\" class=\"advgb-post-tax-term\">olimpisme<\/a>","<a href=\"https:\/\/revista-apunts.com\/ca\/category\/apunts-per-al-segle-xxi\/\" class=\"advgb-post-tax-term\">pau<\/a>","<a href=\"https:\/\/revista-apunts.com\/ca\/category\/apunts-per-al-segle-xxi\/\" class=\"advgb-post-tax-term\">treva ol\u00edmpica<\/a>"],"unlinked":["<span class=\"advgb-post-tax-term\">Apartheid<\/span>","<span class=\"advgb-post-tax-term\">esport<\/span>","<span class=\"advgb-post-tax-term\">olimpisme<\/span>","<span class=\"advgb-post-tax-term\">pau<\/span>","<span class=\"advgb-post-tax-term\">treva ol\u00edmpica<\/span>"]}},"comment_count":"0","relative_dates":{"created":"Posted 6 anys ago","modified":"Updated 5 anys ago"},"absolute_dates":{"created":"Posted on 27 octubre 2020","modified":"Updated on 7 desembre 2020"},"absolute_dates_time":{"created":"Posted on 27 octubre 2020 11:06","modified":"Updated on 7 desembre 2020 16:15"},"featured_img_caption":"","series_order":"","_links":{"self":[{"href":"https:\/\/revista-apunts.com\/ca\/wp-json\/wp\/v2\/posts\/10407\/"}],"collection":[{"href":"https:\/\/revista-apunts.com\/ca\/wp-json\/wp\/v2\/posts\/"}],"about":[{"href":"https:\/\/revista-apunts.com\/ca\/wp-json\/wp\/v2\/types\/post\/"}],"author":[{"embeddable":true,"href":"https:\/\/revista-apunts.com\/ca\/wp-json\/wp\/v2\/users\/1\/"}],"replies":[{"embeddable":true,"href":"https:\/\/revista-apunts.com\/ca\/wp-json\/wp\/v2\/comments\/?post=10407"}],"version-history":[{"count":1,"href":"https:\/\/revista-apunts.com\/ca\/wp-json\/wp\/v2\/posts\/10407\/revisions\/"}],"predecessor-version":[{"id":33404,"href":"https:\/\/revista-apunts.com\/ca\/wp-json\/wp\/v2\/posts\/10407\/revisions\/33404\/"}],"wp:attachment":[{"href":"https:\/\/revista-apunts.com\/ca\/wp-json\/wp\/v2\/media\/?parent=10407"}],"wp:term":[{"taxonomy":"category","embeddable":true,"href":"https:\/\/revista-apunts.com\/ca\/wp-json\/wp\/v2\/categories\/?post=10407"},{"taxonomy":"post_tag","embeddable":true,"href":"https:\/\/revista-apunts.com\/ca\/wp-json\/wp\/v2\/tags\/?post=10407"}],"curies":[{"name":"wp","href":"https:\/\/api.w.org\/{rel}","templated":true}]}}