{"id":10406,"date":"2020-10-27T11:06:51","date_gmt":"2020-10-27T11:06:51","guid":{"rendered":"https:\/\/revista-apunts.com\/?p=10406"},"modified":"2020-12-07T16:08:06","modified_gmt":"2020-12-07T16:08:06","slug":"les-expressions-motrius-a-lamerica-llatina-en-la-tensio-global-local-una-aposta-des-de-la-corporeitat-en-el-marc-de-la-modernitat-reflexiva","status":"publish","type":"post","link":"https:\/\/revista-apunts.com\/ca\/les-expressions-motrius-a-lamerica-llatina-en-la-tensio-global-local-una-aposta-des-de-la-corporeitat-en-el-marc-de-la-modernitat-reflexiva\/","title":{"rendered":"Les expressions motrius a l\u2019Am\u00e8rica Llatina en la tensi\u00f3 global-local. Una aposta des de la corpore\u00eftat, en el marc de la modernitat reflexiva"},"content":{"rendered":"\n<h2 class=\"wp-block-heading\">Resum<\/h2>\n\n\n<p>Pel desenvolupament d\u2019aquest assaig estableixo tres moments: el context, en el qual es fa refer\u00e8ncia particularment a l\u2019esport de compet\u00e8ncia, en el teixit de l\u2019Am\u00e8rica Llatina i en l\u2019escenari de la globalitzaci\u00f3, i aix\u00f2 possibilita rastrejar les petjades de la tensi\u00f3 global-local. Les particularitats, moment en el qual es destaquen les caracteritzacions locals de les expressions motrius i s\u2019il\u00b7lustra amb el cas de Col\u00f2mbia a partir de l\u2019emerg\u00e8ncia de nous continguts de les activitats ludicoesportives, que comencen a configurar de nou i a donar un nou significat a l\u2019estructura de les expressions motrius. Finalment, el moment de la idealitat, en el qual, des de la complexitat pr\u00f2pia de la modernitat reflexiva, esbosso el que he anomenat principis did\u00e0ctics cap a una pedagogia del cos: corpore\u00eftat, unicitat, motog\u00e8nesi, alteritat, etnomotricitat, contextualitat, historicitat, l\u00fadica, interacci\u00f3, entre d\u2019altres.<\/p>\n\n <div class=\"tags\"> <p><strong>Paraules clau:<\/strong> <span>activitats ludicoesportives<\/span>, <span>educaci\u00f3 f\u00edsica<\/span>, <span>esport<\/span>, <span>expressions motrius<\/span>, <span>globalitzaci\u00f3<\/span>, <span>localitzaci\u00f3<\/span>, <span>motricitat<\/span>, <span>principis did\u00e0ctics<\/span>, <span>projecte social<\/span><\/p> <\/div> \n","protected":false},"excerpt":{"rendered":"<p>Resum Pel desenvolupament d\u2019aquest assaig estableixo tres moments: el context, en el qual es fa refer\u00e8ncia particularment a l\u2019esport de compet\u00e8ncia, en el teixit de l\u2019Am\u00e8rica Llatina i en l\u2019escenari de la globalitzaci\u00f3, i aix\u00f2 possibilita rastrejar les petjades de la tensi\u00f3 global-local. Les particularitats, moment en el qual es destaquen les caracteritzacions locals de [&hellip;]<\/p>\n","protected":false},"author":1,"featured_media":0,"comment_status":"open","ping_status":"open","sticky":false,"template":"","format":"standard","meta":{"_editorskit_title_hidden":false,"_editorskit_reading_time":1,"_editorskit_is_block_options_detached":false,"_editorskit_block_options_position":"{}","inline_featured_image":false,"advgb_blocks_editor_width":"","advgb_blocks_columns_visual_guide":"","footnotes":""},"categories":[8509],"tags":[4186,119,153,4185,4178,4184,4073,4187,4188],"author_meta":{"display_name":"doc_inefc","author_link":"https:\/\/revista-apunts.com\/ca\/author\/doc_inefc\/"},"featured_img":null,"coauthors":[],"tax_additional":{"categories":{"linked":["<a href=\"https:\/\/revista-apunts.com\/ca\/category\/apunts-per-al-segle-xxi\/\" class=\"advgb-post-tax-term\">Apunts per al segle XXI<\/a>"],"unlinked":["<span class=\"advgb-post-tax-term\">Apunts per al segle XXI<\/span>"]},"tags":{"linked":["<a href=\"https:\/\/revista-apunts.com\/ca\/category\/apunts-per-al-segle-xxi\/\" class=\"advgb-post-tax-term\">activitats ludicoesportives<\/a>","<a href=\"https:\/\/revista-apunts.com\/ca\/category\/apunts-per-al-segle-xxi\/\" class=\"advgb-post-tax-term\">educaci\u00f3 f\u00edsica<\/a>","<a href=\"https:\/\/revista-apunts.com\/ca\/category\/apunts-per-al-segle-xxi\/\" class=\"advgb-post-tax-term\">esport<\/a>","<a href=\"https:\/\/revista-apunts.com\/ca\/category\/apunts-per-al-segle-xxi\/\" class=\"advgb-post-tax-term\">expressions motrius<\/a>","<a href=\"https:\/\/revista-apunts.com\/ca\/category\/apunts-per-al-segle-xxi\/\" class=\"advgb-post-tax-term\">globalitzaci\u00f3<\/a>","<a href=\"https:\/\/revista-apunts.com\/ca\/category\/apunts-per-al-segle-xxi\/\" class=\"advgb-post-tax-term\">localitzaci\u00f3<\/a>","<a href=\"https:\/\/revista-apunts.com\/ca\/category\/apunts-per-al-segle-xxi\/\" class=\"advgb-post-tax-term\">motricitat<\/a>","<a href=\"https:\/\/revista-apunts.com\/ca\/category\/apunts-per-al-segle-xxi\/\" class=\"advgb-post-tax-term\">principis did\u00e0ctics<\/a>","<a href=\"https:\/\/revista-apunts.com\/ca\/category\/apunts-per-al-segle-xxi\/\" class=\"advgb-post-tax-term\">projecte social<\/a>"],"unlinked":["<span class=\"advgb-post-tax-term\">activitats ludicoesportives<\/span>","<span class=\"advgb-post-tax-term\">educaci\u00f3 f\u00edsica<\/span>","<span class=\"advgb-post-tax-term\">esport<\/span>","<span class=\"advgb-post-tax-term\">expressions motrius<\/span>","<span class=\"advgb-post-tax-term\">globalitzaci\u00f3<\/span>","<span class=\"advgb-post-tax-term\">localitzaci\u00f3<\/span>","<span class=\"advgb-post-tax-term\">motricitat<\/span>","<span class=\"advgb-post-tax-term\">principis did\u00e0ctics<\/span>","<span class=\"advgb-post-tax-term\">projecte social<\/span>"]}},"comment_count":"0","relative_dates":{"created":"Posted 6 anys ago","modified":"Updated 5 anys ago"},"absolute_dates":{"created":"Posted on 27 octubre 2020","modified":"Updated on 7 desembre 2020"},"absolute_dates_time":{"created":"Posted on 27 octubre 2020 11:06","modified":"Updated on 7 desembre 2020 16:08"},"featured_img_caption":"","series_order":"","_links":{"self":[{"href":"https:\/\/revista-apunts.com\/ca\/wp-json\/wp\/v2\/posts\/10406\/"}],"collection":[{"href":"https:\/\/revista-apunts.com\/ca\/wp-json\/wp\/v2\/posts\/"}],"about":[{"href":"https:\/\/revista-apunts.com\/ca\/wp-json\/wp\/v2\/types\/post\/"}],"author":[{"embeddable":true,"href":"https:\/\/revista-apunts.com\/ca\/wp-json\/wp\/v2\/users\/1\/"}],"replies":[{"embeddable":true,"href":"https:\/\/revista-apunts.com\/ca\/wp-json\/wp\/v2\/comments\/?post=10406"}],"version-history":[{"count":1,"href":"https:\/\/revista-apunts.com\/ca\/wp-json\/wp\/v2\/posts\/10406\/revisions\/"}],"predecessor-version":[{"id":33400,"href":"https:\/\/revista-apunts.com\/ca\/wp-json\/wp\/v2\/posts\/10406\/revisions\/33400\/"}],"wp:attachment":[{"href":"https:\/\/revista-apunts.com\/ca\/wp-json\/wp\/v2\/media\/?parent=10406"}],"wp:term":[{"taxonomy":"category","embeddable":true,"href":"https:\/\/revista-apunts.com\/ca\/wp-json\/wp\/v2\/categories\/?post=10406"},{"taxonomy":"post_tag","embeddable":true,"href":"https:\/\/revista-apunts.com\/ca\/wp-json\/wp\/v2\/tags\/?post=10406"}],"curies":[{"name":"wp","href":"https:\/\/api.w.org\/{rel}","templated":true}]}}