{"id":10327,"date":"2005-07-01T11:06:02","date_gmt":"2005-07-01T11:06:02","guid":{"rendered":"https:\/\/revista-apunts.com\/?p=10327"},"modified":"2021-01-15T18:31:31","modified_gmt":"2021-01-15T18:31:31","slug":"evolucio-cultural-apunts-per-a-una-nova-forma-dentendre-lactivitat-fisica-un-estudi-a-la-ciutat-de-granada","status":"publish","type":"post","link":"https:\/\/revista-apunts.com\/ca\/evolucio-cultural-apunts-per-a-una-nova-forma-dentendre-lactivitat-fisica-un-estudi-a-la-ciutat-de-granada\/","title":{"rendered":"Evoluci\u00f3 cultural? Apunts per a una nova forma d\u2019entendre l\u2019activitat f\u00edsica. Un estudi a la ciutat de Granada"},"content":{"rendered":"\n<h2 class=\"wp-block-heading\">Resumen<\/h2>\n\n\n<p>A l\u2019estudi que presentem hem analitzat quines s\u00f3n les motivacions que inclinen cap a la pr\u00e0ctica de l\u2019activitat f\u00edsica recreativa en el medi natural, de la poblaci\u00f3 de la ciutat de Granada i \u00e0rea metropolitana, comparant-les amb les tend\u00e8ncies que diversos autors descriuen per a d\u2019altres poblacions. Es descriu quines s\u00f3n les tend\u00e8ncies dels practicants pel que fa al g\u00e8nere i l\u2019edat, i es reflexiona sobre els principals resultats de la investigaci\u00f3. Per fer-ho, es va triar com a escenari de recollida de dades el Parc Periurb\u00e0 existent a la ciutat. La realitzaci\u00f3 d\u2019investigacions en aquesta mena d\u2019espais contribueix a anar ampliant socialment el concepte d\u2019activitat f\u00edsica i s\u00f3n imprescindibles per a les futures planificacions educatives i necess\u00e0ries perqu\u00e8 tant les institucions p\u00fabliques com les privades tinguin un marc orientatiu i justificatiu en les seves accions.<\/p>\n\n <div class=\"tags\"> <p><strong>Paraules clau:<\/strong> <span>activitat fi\u0301sica<\/span>, <span>educaci\u00f3<\/span>, <span>lleure<\/span>, <span>motivacions<\/span><\/p> <\/div> \n","protected":false},"excerpt":{"rendered":"<p>Resumen A l\u2019estudi que presentem hem analitzat quines s\u00f3n les motivacions que inclinen cap a la pr\u00e0ctica de l\u2019activitat f\u00edsica recreativa en el medi natural, de la poblaci\u00f3 de la ciutat de Granada i \u00e0rea metropolitana, comparant-les amb les tend\u00e8ncies que diversos autors descriuen per a d\u2019altres poblacions. Es descriu quines s\u00f3n les tend\u00e8ncies dels [&hellip;]<\/p>\n","protected":false},"author":1,"featured_media":0,"comment_status":"open","ping_status":"open","sticky":false,"template":"","format":"standard","meta":{"_editorskit_title_hidden":false,"_editorskit_reading_time":1,"_editorskit_is_block_options_detached":false,"_editorskit_block_options_position":"{}","inline_featured_image":false,"advgb_blocks_editor_width":"","advgb_blocks_columns_visual_guide":"","footnotes":""},"categories":[8518],"tags":[154,3891,4045,4044],"author_meta":{"display_name":"doc_inefc","author_link":"https:\/\/revista-apunts.com\/ca\/author\/doc_inefc\/"},"featured_img":null,"coauthors":[],"tax_additional":{"categories":{"linked":["<a href=\"https:\/\/revista-apunts.com\/ca\/category\/opinio\/\" class=\"advgb-post-tax-term\">Opini\u00f3<\/a>"],"unlinked":["<span class=\"advgb-post-tax-term\">Opini\u00f3<\/span>"]},"tags":{"linked":["<a href=\"https:\/\/revista-apunts.com\/ca\/category\/opinio\/\" class=\"advgb-post-tax-term\">activitat fi\u0301sica<\/a>","<a href=\"https:\/\/revista-apunts.com\/ca\/category\/opinio\/\" class=\"advgb-post-tax-term\">educaci\u00f3<\/a>","<a href=\"https:\/\/revista-apunts.com\/ca\/category\/opinio\/\" class=\"advgb-post-tax-term\">lleure<\/a>","<a href=\"https:\/\/revista-apunts.com\/ca\/category\/opinio\/\" class=\"advgb-post-tax-term\">motivacions<\/a>"],"unlinked":["<span class=\"advgb-post-tax-term\">activitat fi\u0301sica<\/span>","<span class=\"advgb-post-tax-term\">educaci\u00f3<\/span>","<span class=\"advgb-post-tax-term\">lleure<\/span>","<span class=\"advgb-post-tax-term\">motivacions<\/span>"]}},"comment_count":"0","relative_dates":{"created":"Posted 21 anys ago","modified":"Updated 5 anys ago"},"absolute_dates":{"created":"Posted on 1 juliol 2005","modified":"Updated on 15 gener 2021"},"absolute_dates_time":{"created":"Posted on 1 juliol 2005 11:06","modified":"Updated on 15 gener 2021 18:31"},"featured_img_caption":"","series_order":"","_links":{"self":[{"href":"https:\/\/revista-apunts.com\/ca\/wp-json\/wp\/v2\/posts\/10327\/"}],"collection":[{"href":"https:\/\/revista-apunts.com\/ca\/wp-json\/wp\/v2\/posts\/"}],"about":[{"href":"https:\/\/revista-apunts.com\/ca\/wp-json\/wp\/v2\/types\/post\/"}],"author":[{"embeddable":true,"href":"https:\/\/revista-apunts.com\/ca\/wp-json\/wp\/v2\/users\/1\/"}],"replies":[{"embeddable":true,"href":"https:\/\/revista-apunts.com\/ca\/wp-json\/wp\/v2\/comments\/?post=10327"}],"version-history":[{"count":1,"href":"https:\/\/revista-apunts.com\/ca\/wp-json\/wp\/v2\/posts\/10327\/revisions\/"}],"predecessor-version":[{"id":34148,"href":"https:\/\/revista-apunts.com\/ca\/wp-json\/wp\/v2\/posts\/10327\/revisions\/34148\/"}],"wp:attachment":[{"href":"https:\/\/revista-apunts.com\/ca\/wp-json\/wp\/v2\/media\/?parent=10327"}],"wp:term":[{"taxonomy":"category","embeddable":true,"href":"https:\/\/revista-apunts.com\/ca\/wp-json\/wp\/v2\/categories\/?post=10327"},{"taxonomy":"post_tag","embeddable":true,"href":"https:\/\/revista-apunts.com\/ca\/wp-json\/wp\/v2\/tags\/?post=10327"}],"curies":[{"name":"wp","href":"https:\/\/api.w.org\/{rel}","templated":true}]}}