{"id":10248,"date":"2006-10-01T11:05:22","date_gmt":"2006-10-01T11:05:22","guid":{"rendered":"https:\/\/revista-apunts.com\/?p=10248"},"modified":"2025-10-03T15:16:35","modified_gmt":"2025-10-03T15:16:35","slug":"el-futbol-9-com-alternativa-al-futbol-11-a-partir-de-lestudi-de-la-utilitzacio-de-lespai-de-joc","status":"publish","type":"post","link":"https:\/\/revista-apunts.com\/ca\/el-futbol-9-com-alternativa-al-futbol-11-a-partir-de-lestudi-de-la-utilitzacio-de-lespai-de-joc\/","title":{"rendered":"El futbol 9 com alternativa al futbol 11, a partir de l\u2019estudi de la utilitzaci\u00f3 de l\u2019espai de joc"},"content":{"rendered":"\n<h2 class=\"wp-block-heading\">Resum<\/h2>\n\n\n\n<p>Aquest treball d\u2019investigaci\u00f3 pret\u00e9n demostrar que l\u2019actual configuraci\u00f3 de la competici\u00f3 existent a la Comunitat Aut\u00f2noma de la Rioja \u2013entre d\u2019altres\u2013, en el primer any de la categoria infantil, en relaci\u00f3 amb el tr\u00e0nsit de la modalitat de futbol 7 a futbol 11, presenta difer\u00e8ncies manifestes que impliquen un desajustament entre les caracter\u00edstiques del joc i les possibilitats reals del nen. Com a conseq\u00fc\u00e8ncia d\u2019aix\u00f2 es proposa una modalitat interm\u00e8dia, el futbol 9 \u2013una alternativa concreta d\u2019adaptaci\u00f3 dintre d\u2019un ventall molt ampli de possibilitats\u2013, en la qual el domini de l\u2019espai de joc no mostri difer\u00e8ncies notables en relaci\u00f3 amb el desenvolupament del joc que caracteritza el futbol 7 i, per tant, que suposi una adaptaci\u00f3 progressiva de l\u2019esport al nen i no del nen a l\u2019esport dels&nbsp; m\u00e9s grans.<\/p>\n\n\n <div class=\"tags\"> <p><strong>Paraules clau:<\/strong> <span>adaptaci\u00f3<\/span>, <span>esport<\/span>, <span>esport<\/span>, <span>f\u00fatbol 9<\/span>, <span>nen<\/span><\/p> <\/div> \n\n\n\n<p><\/p>\n","protected":false},"excerpt":{"rendered":"<p>Resum Aquest treball d\u2019investigaci\u00f3 pret\u00e9n demostrar que l\u2019actual configuraci\u00f3 de la competici\u00f3 existent a la Comunitat Aut\u00f2noma de la Rioja \u2013entre d\u2019altres\u2013, en el primer any de la categoria infantil, en relaci\u00f3 amb el tr\u00e0nsit de la modalitat de futbol 7 a futbol 11, presenta difer\u00e8ncies manifestes que impliquen un desajustament entre les caracter\u00edstiques del [&hellip;]<\/p>\n","protected":false},"author":1,"featured_media":0,"comment_status":"open","ping_status":"open","sticky":false,"template":"","format":"standard","meta":{"_editorskit_title_hidden":false,"_editorskit_reading_time":1,"_editorskit_is_block_options_detached":false,"_editorskit_block_options_position":"{}","inline_featured_image":false,"advgb_blocks_editor_width":"","advgb_blocks_columns_visual_guide":"","footnotes":""},"categories":[50],"tags":[3898,11622,153,9460,3899],"author_meta":{"display_name":"doc_inefc","author_link":"https:\/\/revista-apunts.com\/ca\/author\/doc_inefc\/"},"featured_img":null,"coauthors":[],"tax_additional":{"categories":{"linked":["<a href=\"https:\/\/revista-apunts.com\/ca\/category\/pedagogia-esportiva-ca\/\" class=\"advgb-post-tax-term\">Pedagogia esportiva<\/a>"],"unlinked":["<span class=\"advgb-post-tax-term\">Pedagogia esportiva<\/span>"]},"tags":{"linked":["<a href=\"https:\/\/revista-apunts.com\/ca\/category\/pedagogia-esportiva-ca\/\" class=\"advgb-post-tax-term\">adaptaci\u00f3<\/a>","<a href=\"https:\/\/revista-apunts.com\/ca\/category\/pedagogia-esportiva-ca\/\" class=\"advgb-post-tax-term\">esport<\/a>","<a href=\"https:\/\/revista-apunts.com\/ca\/category\/pedagogia-esportiva-ca\/\" class=\"advgb-post-tax-term\">esport<\/a>","<a href=\"https:\/\/revista-apunts.com\/ca\/category\/pedagogia-esportiva-ca\/\" class=\"advgb-post-tax-term\">f\u00fatbol 9<\/a>","<a href=\"https:\/\/revista-apunts.com\/ca\/category\/pedagogia-esportiva-ca\/\" class=\"advgb-post-tax-term\">nen<\/a>"],"unlinked":["<span class=\"advgb-post-tax-term\">adaptaci\u00f3<\/span>","<span class=\"advgb-post-tax-term\">esport<\/span>","<span class=\"advgb-post-tax-term\">esport<\/span>","<span class=\"advgb-post-tax-term\">f\u00fatbol 9<\/span>","<span class=\"advgb-post-tax-term\">nen<\/span>"]}},"comment_count":"0","relative_dates":{"created":"Posted 20 anys ago","modified":"Updated 7 mesos ago"},"absolute_dates":{"created":"Posted on 1 octubre 2006","modified":"Updated on 3 octubre 2025"},"absolute_dates_time":{"created":"Posted on 1 octubre 2006 11:05","modified":"Updated on 3 octubre 2025 15:16"},"featured_img_caption":"","series_order":"","_links":{"self":[{"href":"https:\/\/revista-apunts.com\/ca\/wp-json\/wp\/v2\/posts\/10248\/"}],"collection":[{"href":"https:\/\/revista-apunts.com\/ca\/wp-json\/wp\/v2\/posts\/"}],"about":[{"href":"https:\/\/revista-apunts.com\/ca\/wp-json\/wp\/v2\/types\/post\/"}],"author":[{"embeddable":true,"href":"https:\/\/revista-apunts.com\/ca\/wp-json\/wp\/v2\/users\/1\/"}],"replies":[{"embeddable":true,"href":"https:\/\/revista-apunts.com\/ca\/wp-json\/wp\/v2\/comments\/?post=10248"}],"version-history":[{"count":4,"href":"https:\/\/revista-apunts.com\/ca\/wp-json\/wp\/v2\/posts\/10248\/revisions\/"}],"predecessor-version":[{"id":69667,"href":"https:\/\/revista-apunts.com\/ca\/wp-json\/wp\/v2\/posts\/10248\/revisions\/69667\/"}],"wp:attachment":[{"href":"https:\/\/revista-apunts.com\/ca\/wp-json\/wp\/v2\/media\/?parent=10248"}],"wp:term":[{"taxonomy":"category","embeddable":true,"href":"https:\/\/revista-apunts.com\/ca\/wp-json\/wp\/v2\/categories\/?post=10248"},{"taxonomy":"post_tag","embeddable":true,"href":"https:\/\/revista-apunts.com\/ca\/wp-json\/wp\/v2\/tags\/?post=10248"}],"curies":[{"name":"wp","href":"https:\/\/api.w.org\/{rel}","templated":true}]}}