{"id":10243,"date":"2006-10-01T11:05:22","date_gmt":"2006-10-01T11:05:22","guid":{"rendered":"https:\/\/revista-apunts.com\/?p=10243"},"modified":"2021-01-17T10:35:44","modified_gmt":"2021-01-17T10:35:44","slug":"cap-a-una-nova-comprensio-de-lesport-factors-endogens-i-exogens","status":"publish","type":"post","link":"https:\/\/revista-apunts.com\/ca\/cap-a-una-nova-comprensio-de-lesport-factors-endogens-i-exogens\/","title":{"rendered":"Cap a una nova comprensi\u00f3 de l\u2019esport. Factors end\u00f2gens i ex\u00f2gens"},"content":{"rendered":"\n<h2 class=\"wp-block-heading\">Resum<\/h2>\n\n\n\n<p>La paraula \u201cesport\u201d, tradu\u00efda (o, millor dit, incorporada gaireb\u00e9 literalment) a la\u00a0 pr\u00e0ctica totalitat de les lleng\u00fces del planeta \u00e9s un terme aut\u00e8nticament ecum\u00e8nic, en el doble sentit d\u2019universal i de comunicaci\u00f3 entre tots els humans, al voltant d\u2019aquesta mena de religi\u00f3 laica globalitzada que evoca r\u00e0pidament, i sense cap dubte, una pr\u00e0ctica, un espectacle o un estil de vida. Per a la poblaci\u00f3 de la nostra \u00e8poca, l\u2019esport constitueix un dels termes m\u00e9s indubtables de la nostra cultura global. Encara que hi ha hagut m\u00faltiples intents per part d\u2019associacions de l\u2019esport, d\u2019autors de prestigi i d\u2019organitzacions acad\u00e8miques internacionals pr\u00f2pies i alienes, per tal de definir aquest concepte inequ\u00edvoc anomenat esport, aquest, per la seva complexitat simb\u00f2lica, dimensi\u00f3 cultural i realitat social, resulta indefinible. Tanmateix, l\u2019esport presenta uns factors end\u00f2gens que conformen una l\u00f2gica interna perfectament estructurada\u00a0 que, des del punt de vista sist\u00e8mic, interactua com un sistema aut\u00f2nom pertinent amb la l\u00f2gica externa, constitu\u00efda, de la seva banda, per uns factors ex\u00f2gens, que hi influeixen i viceversa. La congru\u00e8ncia entre la l\u00f2gica interna i la l\u00f2gica externa de l\u2019esport fan que aquest sigui una pr\u00e0ctica i un espectacle de gran vig\u00e8ncia social, enorme pres\u00e8ncia cultural i un s\u00edmbol identificador de la nostra \u00e8poca.<\/p>\n\n\n\n","protected":false},"excerpt":{"rendered":"<p>Resum La paraula \u201cesport\u201d, tradu\u00efda (o, millor dit, incorporada gaireb\u00e9 literalment) a la\u00a0 pr\u00e0ctica totalitat de les lleng\u00fces del planeta \u00e9s un terme aut\u00e8nticament ecum\u00e8nic, en el doble sentit d\u2019universal i de comunicaci\u00f3 entre tots els humans, al voltant d\u2019aquesta mena de religi\u00f3 laica globalitzada que evoca r\u00e0pidament, i sense cap dubte, una pr\u00e0ctica, un [&hellip;]<\/p>\n","protected":false},"author":1,"featured_media":0,"comment_status":"open","ping_status":"open","sticky":false,"template":"","format":"standard","meta":{"_editorskit_title_hidden":false,"_editorskit_reading_time":1,"_editorskit_is_block_options_detached":false,"_editorskit_block_options_position":"{}","inline_featured_image":false,"advgb_blocks_editor_width":"","advgb_blocks_columns_visual_guide":"","footnotes":""},"categories":[8509],"tags":[],"author_meta":{"display_name":"doc_inefc","author_link":"https:\/\/revista-apunts.com\/ca\/author\/doc_inefc\/"},"featured_img":null,"coauthors":[],"tax_additional":{"categories":{"linked":["<a href=\"https:\/\/revista-apunts.com\/ca\/category\/apunts-per-al-segle-xxi\/\" class=\"advgb-post-tax-term\">Apunts per al segle XXI<\/a>"],"unlinked":["<span class=\"advgb-post-tax-term\">Apunts per al segle XXI<\/span>"]}},"comment_count":"0","relative_dates":{"created":"Posted 20 anys ago","modified":"Updated 5 anys ago"},"absolute_dates":{"created":"Posted on 1 octubre 2006","modified":"Updated on 17 gener 2021"},"absolute_dates_time":{"created":"Posted on 1 octubre 2006 11:05","modified":"Updated on 17 gener 2021 10:35"},"featured_img_caption":"","series_order":"","_links":{"self":[{"href":"https:\/\/revista-apunts.com\/ca\/wp-json\/wp\/v2\/posts\/10243\/"}],"collection":[{"href":"https:\/\/revista-apunts.com\/ca\/wp-json\/wp\/v2\/posts\/"}],"about":[{"href":"https:\/\/revista-apunts.com\/ca\/wp-json\/wp\/v2\/types\/post\/"}],"author":[{"embeddable":true,"href":"https:\/\/revista-apunts.com\/ca\/wp-json\/wp\/v2\/users\/1\/"}],"replies":[{"embeddable":true,"href":"https:\/\/revista-apunts.com\/ca\/wp-json\/wp\/v2\/comments\/?post=10243"}],"version-history":[{"count":2,"href":"https:\/\/revista-apunts.com\/ca\/wp-json\/wp\/v2\/posts\/10243\/revisions\/"}],"predecessor-version":[{"id":41756,"href":"https:\/\/revista-apunts.com\/ca\/wp-json\/wp\/v2\/posts\/10243\/revisions\/41756\/"}],"wp:attachment":[{"href":"https:\/\/revista-apunts.com\/ca\/wp-json\/wp\/v2\/media\/?parent=10243"}],"wp:term":[{"taxonomy":"category","embeddable":true,"href":"https:\/\/revista-apunts.com\/ca\/wp-json\/wp\/v2\/categories\/?post=10243"},{"taxonomy":"post_tag","embeddable":true,"href":"https:\/\/revista-apunts.com\/ca\/wp-json\/wp\/v2\/tags\/?post=10243"}],"curies":[{"name":"wp","href":"https:\/\/api.w.org\/{rel}","templated":true}]}}